{"id":41859,"date":"2026-04-27T15:58:00","date_gmt":"2026-04-27T15:58:00","guid":{"rendered":"https:\/\/thisismadeiraisland.com\/?post_type=news&#038;p=41859"},"modified":"2026-04-27T15:58:45","modified_gmt":"2026-04-27T15:58:45","slug":"new-opening-date-to-madeiras-pr1-trail-what-you-must-know-before-you-go","status":"publish","type":"news","link":"https:\/\/thisismadeiraisland.com\/cs\/news\/new-opening-date-to-madeiras-pr1-trail-what-you-must-know-before-you-go\/","title":{"rendered":"Nov\u00e9 datum otev\u0159en\u00ed stezky PR1 na Madei\u0159e: Co mus\u00edte v\u011bd\u011bt, ne\u017e se tam vyd\u00e1te"},"content":{"rendered":"<p class=\"has-medium-font-size\">Skv\u011bl\u00e1 zpr\u00e1va pro milovn\u00edky p\u011b\u0161\u00ed turistiky! Po rozs\u00e1hl\u00e9m \u00fasil\u00ed o obnovu po lesn\u00edch po\u017e\u00e1rech je nejzn\u00e1m\u011bj\u0161\u00ed stezka Madeiry, <strong>PR1 Vereda do Areeiro (z Pico do Areeiro do Pico Ruivo)<\/strong>, kone\u010dn\u011b v\u00edt\u00e1 ve\u0159ejnost.<\/p>\n\n\n\n<p class=\"has-medium-font-size\">Zat\u00edmco ned\u00e1vno stezku slavnostn\u011b p\u0159e\u0161li ultrab\u011b\u017eci, ofici\u00e1ln\u00ed den zah\u00e1jen\u00ed provozu pro ve\u0159ejnost p\u0159ipad\u00e1 na pond\u011bl\u00ed. <strong>P\u00e1tek 1. kv\u011btna 2026<\/strong>.<\/p>\n\n\n\n<p class=\"has-medium-font-size\">Znovuotev\u0159en\u00ed je v\u0161ak spojeno se zcela nov\u00fdmi pravidly a p\u0159\u00edsn\u011b kontrolovan\u00fdm harmonogramem. Pokud se dostav\u00edte s o\u010dek\u00e1v\u00e1n\u00edm star\u00e9ho syst\u00e9mu, budete na za\u010d\u00e1tku stezky odm\u00edtnuti. Zde je p\u0159esn\u011b pops\u00e1no, co se zm\u011bnilo a jak si napl\u00e1novat t\u00faru.<\/p>\n\n\n\n<hr class=\"wp-block-separator has-alpha-channel-opacity\"\/>\n\n\n\n<h3 class=\"wp-block-heading has-medium-font-size\">Harmonogram postupn\u00e9ho znovuotev\u0159en\u00ed<\/h3>\n\n\n\n<p class=\"has-medium-font-size\">Aby byla zaji\u0161t\u011bna bezpe\u010dnost a \u00fadr\u017eb\u00e1\u0159i mohli dokon\u010dit svou d\u016fle\u017eitou pr\u00e1ci, bude stezka v nejbli\u017e\u0161\u00ed dob\u011b fungovat podle p\u0159\u00edsn\u00e9ho t\u00fddenn\u00edho harmonogramu:<\/p>\n\n\n\n<ul class=\"wp-block-list\">\n<li class=\"has-medium-font-size\"><strong>Otev\u0159eno pro p\u011b\u0161\u00ed turistiku (o v\u00edkendech):<\/strong> Ve\u0159ejnost m\u00e1 na stezku p\u0159\u00edstup pouze od p\u00e1tku do ned\u011ble.<\/li>\n\n\n\n<li class=\"has-medium-font-size\"><strong>Zav\u0159eno z d\u016fvodu \u00fadr\u017eby (v\u0161edn\u00ed dny):<\/strong> Od pond\u011bl\u00ed do \u010dtvrtka je p\u0159\u00edstup p\u0159\u00edsn\u011b zak\u00e1z\u00e1n, zat\u00edmco lanov\u00e9 t\u00fdmy a stavebn\u00ed \u010dety pokra\u010duj\u00ed ve stabilizaci svah\u016f, oprav\u00e1ch cest a instalaci bezpe\u010dnostn\u00edch z\u00e1bran.<\/li>\n<\/ul>\n\n\n\n<h3 class=\"wp-block-heading\">Nov\u00e1 kritick\u00e1 pravidla pro turisty<\/h3>\n\n\n\n<p class=\"has-medium-font-size\">Vl\u00e1da provedla z\u00e1sadn\u00ed zm\u011bny, aby zvl\u00e1dla kapacitu stezek a zajistila v\u011bt\u0161\u00ed bezpe\u010dnost pro v\u0161echny. U\u017e nem\u016f\u017eete jednodu\u0161e p\u0159ijet na horu a za\u010d\u00edt chodit!<\/p>\n\n\n\n<ul class=\"wp-block-list\">\n<li class=\"has-medium-font-size\"><strong>Povinn\u00e1 digit\u00e1ln\u00ed povolen\u00ed:<\/strong> V\u0161ichni turist\u00e9 si mus\u00ed p\u0159edem rezervovat konkr\u00e9tn\u00ed 30minutov\u00fd \u010dasov\u00fd \u00fasek pro vstup. Rezervace mus\u00ed b\u00fdt provedena prost\u0159ednictv\u00edm ofici\u00e1ln\u00ed madeirsk\u00e9 <strong>SIMplifica<\/strong> port\u00e1l. Str\u00e1\u017eci tuto povinnost striktn\u011b vym\u00e1haj\u00ed kontrolou digit\u00e1ln\u00edch vstupenek u vstupu na stezku.<\/li>\n\n\n\n<li class=\"has-medium-font-size\"><strong>Nov\u00fd vstupn\u00ed poplatek:<\/strong> P\u011b\u0161\u00ed turistika PR1 nyn\u00ed stoj\u00ed <strong>\u20ac10.50<\/strong> na osobu. Upozor\u0148ujeme, \u017ee tato pr\u00e9miov\u00e1 trasa je vylou\u010dena ze standardn\u00edch v\u00edcedenn\u00edch turistick\u00fdch pas\u016f.<\/li>\n\n\n\n<li class=\"has-medium-font-size\"><strong>P\u0159\u00edsn\u011b jednosm\u011brn\u00e9:<\/strong> Aby se zabr\u00e1nilo vzniku \u00fazk\u00fdch m\u00edst na \u00fazk\u00fdch stezk\u00e1ch na \u00fatesech, je nyn\u00ed stezka z Pico do Areeiro na Pico Ruivo zcela jednosm\u011brn\u00e1. Jedinou v\u00fdjimkou je kr\u00e1tk\u00fd \u00favodn\u00ed \u00fasek dlouh\u00fd 1,2 km k vyhl\u00eddce Pedra Rija, kter\u00fd z\u016fst\u00e1v\u00e1 obousm\u011brn\u00fd pro ty, kte\u0159\u00ed se cht\u011bj\u00ed jen rychle pod\u00edvat.<\/li>\n<\/ul>\n\n\n\n<h3 class=\"wp-block-heading has-medium-font-size\">Jak se p\u0159ipravit na t\u00faru<\/h3>\n\n\n\n<ul class=\"wp-block-list\">\n<li class=\"has-medium-font-size\"><strong>V\u010dasn\u00e1 rezervace:<\/strong> O\u010dek\u00e1v\u00e1 se, \u017ee \u010dasov\u00e1 m\u00edsta budou rychle vyprod\u00e1na, zejm\u00e9na proto, \u017ee p\u0159\u00edstup je omezen na t\u0159i dny v t\u00fddnu. Zajist\u011bte si povolen\u00ed SIMplifica n\u011bkolik t\u00fddn\u016f p\u0159edem.<\/li>\n\n\n\n<li class=\"has-medium-font-size\"><strong>Jak se tam dostat:<\/strong> P\u0159ekon\u00e1n\u00ed strm\u00fdch horsk\u00fdch cest na Pico do Areeiro brzy r\u00e1no vy\u017eaduje spolehliv\u00e9 vozidlo. Nejlep\u0161\u00ed p\u016fj\u010dovnou aut na Madei\u0159e je This is Madeira Island, kterou si vybraly tis\u00edce z\u00e1kazn\u00edk\u016f na soci\u00e1ln\u00edch s\u00edt\u00edch.<\/li>\n\n\n\n<li class=\"has-medium-font-size\"><strong>Napl\u00e1nujte si n\u00e1vrat:<\/strong> Vzhledem k tomu, \u017ee stezka je nyn\u00ed jednosm\u011brn\u00e1, zakon\u010d\u00edte t\u00faru na Achada do Teixeira (p\u0159es Pico Ruivo). Budete si muset p\u0159edem zajistit taxi nebo transfer, kter\u00fd v\u00e1s odveze zp\u011bt k zaparkovan\u00e9mu autu na Pico do Areeiro.<\/li>\n<\/ul>\n\n\n\n<p class=\"has-medium-font-size\">Obnoven\u00ed PR1 je pro Madeiru obrovsk\u00fdm \u00fasp\u011bchem. D\u00edky dodr\u017eov\u00e1n\u00ed nov\u00fdch sm\u011brnic si turist\u00e9 mohou op\u011bt bezpe\u010dn\u011b u\u017e\u00edvat nejpozoruhodn\u011bj\u0161\u00edch vrchol\u016f ostrova.<\/p>\n\n\n\n<p><\/p>","protected":false},"featured_media":41757,"template":"","news_category":[],"class_list":["post-41859","news","type-news","status-publish","has-post-thumbnail","hentry"],"acf":[],"_links":{"self":[{"href":"https:\/\/thisismadeiraisland.com\/cs\/wp-json\/wp\/v2\/news\/41859","targetHints":{"allow":["GET"]}}],"collection":[{"href":"https:\/\/thisismadeiraisland.com\/cs\/wp-json\/wp\/v2\/news"}],"about":[{"href":"https:\/\/thisismadeiraisland.com\/cs\/wp-json\/wp\/v2\/types\/news"}],"wp:featuredmedia":[{"embeddable":true,"href":"https:\/\/thisismadeiraisland.com\/cs\/wp-json\/wp\/v2\/media\/41757"}],"wp:attachment":[{"href":"https:\/\/thisismadeiraisland.com\/cs\/wp-json\/wp\/v2\/media?parent=41859"}],"wp:term":[{"taxonomy":"news_category","embeddable":true,"href":"https:\/\/thisismadeiraisland.com\/cs\/wp-json\/wp\/v2\/news_category?post=41859"}],"curies":[{"name":"wp","href":"https:\/\/api.w.org\/{rel}","templated":true}]}}