{"id":41870,"date":"2026-04-28T15:41:30","date_gmt":"2026-04-28T15:41:30","guid":{"rendered":"https:\/\/thisismadeiraisland.com\/?post_type=news&#038;p=41870"},"modified":"2026-04-28T15:41:30","modified_gmt":"2026-04-28T15:41:30","slug":"ticket-sales-for-madeiras-most-famous-trail-open-soon-dont-miss-out","status":"publish","type":"news","link":"https:\/\/thisismadeiraisland.com\/cs\/news\/ticket-sales-for-madeiras-most-famous-trail-open-soon-dont-miss-out\/","title":{"rendered":"Prodej vstupenek na nejslavn\u011bj\u0161\u00ed madeirskou stezku bude zah\u00e1jen ji\u017e brzy (nenechte si uj\u00edt!)"},"content":{"rendered":"<p class=\"has-medium-font-size\">Legend\u00e1rn\u00ed madeirsk\u00e1 stezka z Pico do Areeiro na Pico Ruivo (PR1 - Vereda do Areeiro) se po roce a p\u016fl, kdy byla uzav\u0159ena, ofici\u00e1ln\u011b vrac\u00ed na sv\u00e9 dlouho o\u010dek\u00e1van\u00e9 m\u00edsto. Po ni\u010div\u00fdch po\u017e\u00e1rech v srpnu 2024 turist\u00e9 netrp\u011bliv\u011b \u010dekali, kdy p\u0159esn\u011b si budou moci zajistit sv\u00e9 m\u00edsto.<\/p>\n\n\n\n<p class=\"has-medium-font-size\">\u010cek\u00e1n\u00ed je u konce: rezervace vstupenek na ofici\u00e1ln\u00ed znovuotev\u0159en\u00ed 1. kv\u011btna za\u010d\u00ednaj\u00ed. <strong>z\u00edtra<\/strong> na <em>Simplifica<\/em> port\u00e1l!<\/p>\n\n\n\n<p class=\"has-medium-font-size\">Ne\u017e si posp\u00ed\u0161\u00edte koupit j\u00edzdenku, upozor\u0148ujeme na n\u011bkolik z\u00e1sadn\u00edch zm\u011bn v provozu stezky. Zde je p\u0159esn\u011b to, co byste m\u011bli v\u011bd\u011bt.<\/p>\n\n\n\n<h3 class=\"wp-block-heading has-medium-font-size\">\ud83d\udea8 Nov\u00e1 pravidla stezky<\/h3>\n\n\n\n<ul class=\"wp-block-list\">\n<li class=\"has-medium-font-size\"><strong>Povinn\u00e9 rezervace a poplatky:<\/strong> P\u0159\u00edstup ji\u017e nen\u00ed voln\u00fd ani spont\u00e1nn\u00ed. Vstupenku si mus\u00edte zakoupit p\u0159edem online a zaplatit poplatek ve v\u00fd\u0161i <strong>\u20ac10.50<\/strong>.<\/li>\n\n\n\n<li class=\"has-medium-font-size\"><strong>Pouze jednosm\u011brn\u00fd provoz:<\/strong> Tuto trasu ji\u017e nelze absolvovat jako okru\u017en\u00ed. Cel\u00e1 trasa je nyn\u00ed vedena v\u00fdhradn\u011b jedn\u00edm sm\u011brem, z Areeira do Ruiva.<\/li>\n\n\n\n<li class=\"has-medium-font-size\"><strong>P\u0159\u00edstup pouze o v\u00edkendu (prozat\u00edm):<\/strong> Vzhledem k tomu, \u017ee rozs\u00e1hl\u00fd projekt vylep\u0161en\u00ed v hodnot\u011b 602 000 EUR st\u00e1le aktivn\u011b prob\u00edh\u00e1 po cel\u00fd kv\u011bten, bude cel\u00e1 stezka pro dr\u017eitele vstupenek otev\u0159ena pouze v n\u00e1sleduj\u00edc\u00edch dnech. <strong>P\u00e1tky, soboty a ned\u011ble<\/strong>.<\/li>\n<\/ul>\n\n\n\n<h3 class=\"wp-block-heading has-medium-font-size\">\ud83d\udccd Logistika tras a dopravn\u00ed dilema<\/h3>\n\n\n\n<ul class=\"wp-block-list has-medium-font-size\">\n<li><strong>Kontroln\u00ed bod:<\/strong> \u00da\u0159ady budou p\u0159\u00edsn\u011b prosazovat nov\u00e1 pravidla na kontroln\u00edm stanovi\u0161ti na adrese <strong>Pedra Rija<\/strong>. Pokud hled\u00e1te krat\u0161\u00ed t\u00faru, stezka je a\u017e do tohoto kontroln\u00edho bodu obousm\u011brn\u00e1.<\/li>\n\n\n\n<li><strong>Zp\u011bt je v\u00e1\u0161 probl\u00e9m:<\/strong> Vzhledem k tomu, \u017ee se m\u016f\u017eete vydat na t\u00faru pouze jedn\u00edm sm\u011brem, p\u0159edstavuje v sou\u010dasn\u00e9 dob\u011b n\u00e1vrat do v\u00fdchoz\u00edho bodu na Pico do Areeiro velkou logistickou p\u0159ek\u00e1\u017eku. Silni\u010dn\u00ed spojen\u00ed je omezen\u00e9 a region\u00e1ln\u00ed tajemn\u00edk pro cestovn\u00ed ruch vyz\u00fdv\u00e1 soukrom\u00e9 provozovatele tour a m\u00edstn\u00ed podniky, aby se zapojili a zajistili dopravu zp\u011bt. Pokud pl\u00e1nujete absolvovat trasu samostatn\u011b, mus\u00edte si dopravu zp\u011bt napl\u00e1novat s dostate\u010dn\u00fdm p\u0159edstihem!<\/li>\n<\/ul>\n\n\n\n<p><\/p>","protected":false},"featured_media":41757,"template":"","news_category":[],"class_list":["post-41870","news","type-news","status-publish","has-post-thumbnail","hentry"],"acf":[],"_links":{"self":[{"href":"https:\/\/thisismadeiraisland.com\/cs\/wp-json\/wp\/v2\/news\/41870","targetHints":{"allow":["GET"]}}],"collection":[{"href":"https:\/\/thisismadeiraisland.com\/cs\/wp-json\/wp\/v2\/news"}],"about":[{"href":"https:\/\/thisismadeiraisland.com\/cs\/wp-json\/wp\/v2\/types\/news"}],"wp:featuredmedia":[{"embeddable":true,"href":"https:\/\/thisismadeiraisland.com\/cs\/wp-json\/wp\/v2\/media\/41757"}],"wp:attachment":[{"href":"https:\/\/thisismadeiraisland.com\/cs\/wp-json\/wp\/v2\/media?parent=41870"}],"wp:term":[{"taxonomy":"news_category","embeddable":true,"href":"https:\/\/thisismadeiraisland.com\/cs\/wp-json\/wp\/v2\/news_category?post=41870"}],"curies":[{"name":"wp","href":"https:\/\/api.w.org\/{rel}","templated":true}]}}