{"id":41859,"date":"2026-04-27T15:58:00","date_gmt":"2026-04-27T15:58:00","guid":{"rendered":"https:\/\/thisismadeiraisland.com\/?post_type=news&#038;p=41859"},"modified":"2026-04-27T15:58:45","modified_gmt":"2026-04-27T15:58:45","slug":"new-opening-date-to-madeiras-pr1-trail-what-you-must-know-before-you-go","status":"publish","type":"news","link":"https:\/\/thisismadeiraisland.com\/da\/news\/new-opening-date-to-madeiras-pr1-trail-what-you-must-know-before-you-go\/","title":{"rendered":"Ny \u00e5bningsdato for Madeiras PR1-sti: Hvad du skal vide, f\u00f8r du tager afsted"},"content":{"rendered":"<p class=\"has-medium-font-size\">Gode nyheder for vandreentusiaster! Efter en omfattende genopbygningsindsats efter skovbrandene er Madeiras mest ikoniske sti tilbage, <strong>PR1 Vereda do Areeiro (Pico do Areeiro til Pico Ruivo)<\/strong>, er endelig ved at byde offentligheden velkommen tilbage.<\/p>\n\n\n\n<p class=\"has-medium-font-size\">Mens stien for nylig blev krydset ved en ceremoni for ultral\u00f8bere, er den officielle \u00e5bningsdag for offentlig adgang <strong>Fredag den 1. maj 2026<\/strong>.<\/p>\n\n\n\n<p class=\"has-medium-font-size\">Gen\u00e5bningen kommer dog med et helt nyt s\u00e6t regler og en meget kontrolleret tidsplan. Hvis du m\u00f8der op og forventer det gamle system, vil du blive afvist ved stien. Her er pr\u00e6cis, hvad der er \u00e6ndret, og hvordan du skal planl\u00e6gge din vandretur.<\/p>\n\n\n\n<hr class=\"wp-block-separator has-alpha-channel-opacity\"\/>\n\n\n\n<h3 class=\"wp-block-heading has-medium-font-size\">Den trinvise gen\u00e5bningsplan<\/h3>\n\n\n\n<p class=\"has-medium-font-size\">For at sikre sikkerheden og give vedligeholdelsesfolkene mulighed for at afslutte deres vigtige arbejde, k\u00f8rer sporet efter en streng ugentlig plan i den n\u00e6rmeste fremtid:<\/p>\n\n\n\n<ul class=\"wp-block-list\">\n<li class=\"has-medium-font-size\"><strong>\u00c5ben for vandring (weekender):<\/strong> Offentligheden har kun adgang til stien fra fredag til s\u00f8ndag.<\/li>\n\n\n\n<li class=\"has-medium-font-size\"><strong>Lukket p\u00e5 grund af vedligeholdelse (hverdage):<\/strong> Adgang er strengt forbudt fra mandag til torsdag, mens rope-access-hold og byggearbejdere forts\u00e6tter med at stabilisere skr\u00e5ninger, reparere stier og installere sikkerhedsbarrierer.<\/li>\n<\/ul>\n\n\n\n<h3 class=\"wp-block-heading\">Kritiske nye regler for vandrere<\/h3>\n\n\n\n<p class=\"has-medium-font-size\">Regeringen har gennemf\u00f8rt store \u00e6ndringer for at styre kapaciteten p\u00e5 stierne og sikre en mere sikker oplevelse for alle. Du kan ikke l\u00e6ngere bare ankomme til bjerget og begynde at g\u00e5!<\/p>\n\n\n\n<ul class=\"wp-block-list\">\n<li class=\"has-medium-font-size\"><strong>Obligatoriske digitale tilladelser:<\/strong> Alle vandrere skal reservere et bestemt tidsrum p\u00e5 30 minutter i forvejen. Reservationer skal foretages gennem Madeiras officielle <strong>SIMplifica<\/strong> portal. Rangers h\u00e5ndh\u00e6ver dette strengt ved at kontrollere digitale billetter ved stiens start.<\/li>\n\n\n\n<li class=\"has-medium-font-size\"><strong>Nyt indgangsgebyr:<\/strong> At vandre med PR1 koster nu <strong>\u20ac10.50<\/strong> pr. person. Bem\u00e6rk, at denne premium-rute er udelukket fra de almindelige flerdages vandrepas.<\/li>\n\n\n\n<li class=\"has-medium-font-size\"><strong>Kun \u00e9n vej:<\/strong> For at forhindre flaskehalse p\u00e5 de smalle klippestier er stien nu helt ensrettet fra Pico do Areeiro til Pico Ruivo. Den eneste undtagelse er den korte indledende str\u00e6kning p\u00e5 1,2 km til udsigtspunktet Pedra Rija, som fortsat er dobbeltrettet for dem, der bare vil have et hurtigt kig.<\/li>\n<\/ul>\n\n\n\n<h3 class=\"wp-block-heading has-medium-font-size\">S\u00e5dan forbereder du dig til din vandring<\/h3>\n\n\n\n<ul class=\"wp-block-list\">\n<li class=\"has-medium-font-size\"><strong>Book tidligt:<\/strong> Tidspunkterne forventes at blive hurtigt udsolgt, is\u00e6r fordi adgangen er begr\u00e6nset til tre dage om ugen. F\u00e5 din SIMplifica-tilladelse flere uger i forvejen.<\/li>\n\n\n\n<li class=\"has-medium-font-size\"><strong>At komme derhen:<\/strong> At k\u00f8re ad de stejle bjergveje op til Pico do Areeiro tidligt om morgenen kr\u00e6ver et p\u00e5lideligt k\u00f8ret\u00f8j. Den bedste biludlejning p\u00e5 Madeira er This is Madeira Island, som er valgt af tusindvis af kunder p\u00e5 de sociale medier.<\/li>\n\n\n\n<li class=\"has-medium-font-size\"><strong>Planl\u00e6g din hjemkomst:<\/strong> Da stien nu er ensrettet, slutter du din vandretur ved Achada do Teixeira (via Pico Ruivo). Du skal p\u00e5 forh\u00e5nd arrangere en taxa eller en transferservice, som kan k\u00f8re dig tilbage til din parkerede bil ved Pico do Areeiro.<\/li>\n<\/ul>\n\n\n\n<p class=\"has-medium-font-size\">Genoprettelsen af PR1 er en k\u00e6mpe bedrift for Madeira. Ved at respektere de nye retningslinjer kan vandrere igen trygt nyde \u00f8ens mest spektakul\u00e6re bjergtoppe.<\/p>\n\n\n\n<p><\/p>","protected":false},"featured_media":41757,"template":"","news_category":[],"class_list":["post-41859","news","type-news","status-publish","has-post-thumbnail","hentry"],"acf":[],"_links":{"self":[{"href":"https:\/\/thisismadeiraisland.com\/da\/wp-json\/wp\/v2\/news\/41859","targetHints":{"allow":["GET"]}}],"collection":[{"href":"https:\/\/thisismadeiraisland.com\/da\/wp-json\/wp\/v2\/news"}],"about":[{"href":"https:\/\/thisismadeiraisland.com\/da\/wp-json\/wp\/v2\/types\/news"}],"wp:featuredmedia":[{"embeddable":true,"href":"https:\/\/thisismadeiraisland.com\/da\/wp-json\/wp\/v2\/media\/41757"}],"wp:attachment":[{"href":"https:\/\/thisismadeiraisland.com\/da\/wp-json\/wp\/v2\/media?parent=41859"}],"wp:term":[{"taxonomy":"news_category","embeddable":true,"href":"https:\/\/thisismadeiraisland.com\/da\/wp-json\/wp\/v2\/news_category?post=41859"}],"curies":[{"name":"wp","href":"https:\/\/api.w.org\/{rel}","templated":true}]}}