{"id":41870,"date":"2026-04-28T15:41:30","date_gmt":"2026-04-28T15:41:30","guid":{"rendered":"https:\/\/thisismadeiraisland.com\/?post_type=news&#038;p=41870"},"modified":"2026-04-28T15:41:30","modified_gmt":"2026-04-28T15:41:30","slug":"ticket-sales-for-madeiras-most-famous-trail-open-soon-dont-miss-out","status":"publish","type":"news","link":"https:\/\/thisismadeiraisland.com\/da\/news\/ticket-sales-for-madeiras-most-famous-trail-open-soon-dont-miss-out\/","title":{"rendered":"Billetsalget til Madeiras mest ber\u00f8mte sti \u00e5bner snart (g\u00e5 ikke glip af det!)"},"content":{"rendered":"<p class=\"has-medium-font-size\">Madeiras legendariske sti fra Pico do Areeiro til Pico Ruivo (PR1 - Vereda do Areeiro) vender nu officielt tilbage efter at have v\u00e6ret lukket i halvandet \u00e5r. Efter de \u00f8del\u00e6ggende skovbrande i august 2024 har vandrere ventet sp\u00e6ndt p\u00e5 at finde ud af, pr\u00e6cis hvorn\u00e5r de kan sikre sig deres plads.<\/p>\n\n\n\n<p class=\"has-medium-font-size\">Ventetiden er forbi: Reservationer til at k\u00f8be dine billetter til den officielle gen\u00e5bning den 1. maj begynder. <strong>i morgen<\/strong> p\u00e5 <em>Simplifica<\/em> portal!<\/p>\n\n\n\n<p class=\"has-medium-font-size\">F\u00f8r du skynder dig at k\u00f8be dine billetter, er der flere massive \u00e6ndringer i, hvordan sporet fungerer. Her er pr\u00e6cis, hvad du har brug for at vide.<\/p>\n\n\n\n<h3 class=\"wp-block-heading has-medium-font-size\">\ud83d\udea8 De nye regler for sporet<\/h3>\n\n\n\n<ul class=\"wp-block-list\">\n<li class=\"has-medium-font-size\"><strong>Obligatoriske reservationer og gebyrer:<\/strong> Adgangen er ikke l\u00e6ngere gratis eller spontan. Du skal k\u00f8be din billet p\u00e5 forh\u00e5nd online og betale et gebyr p\u00e5 <strong>\u20ac10.50<\/strong>.<\/li>\n\n\n\n<li class=\"has-medium-font-size\"><strong>Kun envejstrafik:<\/strong> Du kan ikke l\u00e6ngere vandre denne rute som en rundtur. Hele stien g\u00e5r nu kun i \u00e9n retning, fra Areeiro til Ruivo.<\/li>\n\n\n\n<li class=\"has-medium-font-size\"><strong>Kun adgang i weekenden (indtil videre):<\/strong> Fordi et omfattende forbedringsprojekt til \u20ac602.000 stadig er i gang i hele maj m\u00e5ned, vil hele sporet kun v\u00e6re \u00e5bent for billetindehavere p\u00e5 <strong>Fredage, l\u00f8rdage og s\u00f8ndage<\/strong>.<\/li>\n<\/ul>\n\n\n\n<h3 class=\"wp-block-heading has-medium-font-size\">\ud83d\udccd Rutelogistik og transportdilemmaet<\/h3>\n\n\n\n<ul class=\"wp-block-list has-medium-font-size\">\n<li><strong>Kontrolpunktet:<\/strong> Myndighederne vil h\u00e5ndh\u00e6ve de nye regler strengt med et kontrolpunkt ved <strong>Pedra Rija<\/strong>. Hvis du er p\u00e5 udkig efter en kortere vandretur, forbliver stien dobbeltrettet indtil dette specifikke checkpoint.<\/li>\n\n\n\n<li><strong>At komme tilbage er dit problem:<\/strong> Da man kun kan vandre \u00e9n vej, er det i \u00f8jeblikket en stor logistisk forhindring at vende tilbage til udgangspunktet ved Pico do Areeiro. Vejforbindelserne er begr\u00e6nsede, og den regionale turistminister opfordrer private tour-operat\u00f8rer og lokale virksomheder til at g\u00f8re en indsats og s\u00f8rge for returtransport. Hvis du planl\u00e6gger at tage turen p\u00e5 egen h\u00e5nd, er du n\u00f8dt til at planl\u00e6gge din hjemtransport i god tid!<\/li>\n<\/ul>\n\n\n\n<p><\/p>","protected":false},"featured_media":41757,"template":"","news_category":[],"class_list":["post-41870","news","type-news","status-publish","has-post-thumbnail","hentry"],"acf":[],"_links":{"self":[{"href":"https:\/\/thisismadeiraisland.com\/da\/wp-json\/wp\/v2\/news\/41870","targetHints":{"allow":["GET"]}}],"collection":[{"href":"https:\/\/thisismadeiraisland.com\/da\/wp-json\/wp\/v2\/news"}],"about":[{"href":"https:\/\/thisismadeiraisland.com\/da\/wp-json\/wp\/v2\/types\/news"}],"wp:featuredmedia":[{"embeddable":true,"href":"https:\/\/thisismadeiraisland.com\/da\/wp-json\/wp\/v2\/media\/41757"}],"wp:attachment":[{"href":"https:\/\/thisismadeiraisland.com\/da\/wp-json\/wp\/v2\/media?parent=41870"}],"wp:term":[{"taxonomy":"news_category","embeddable":true,"href":"https:\/\/thisismadeiraisland.com\/da\/wp-json\/wp\/v2\/news_category?post=41870"}],"curies":[{"name":"wp","href":"https:\/\/api.w.org\/{rel}","templated":true}]}}