{"id":38377,"date":"2025-12-13T13:46:18","date_gmt":"2025-12-13T13:46:18","guid":{"rendered":"https:\/\/thisismadeiraisland.com\/?post_type=news&#038;p=38377"},"modified":"2025-12-13T13:46:18","modified_gmt":"2025-12-13T13:46:18","slug":"madeiras-new-hiking-fee-comes-with-a-strict-liability-clause","status":"publish","type":"news","link":"https:\/\/thisismadeiraisland.com\/de\/news\/madeiras-new-hiking-fee-comes-with-a-strict-liability-clause\/","title":{"rendered":"Madeiras neue Wandergeb\u00fchr enth\u00e4lt eine strenge Haftungsklausel"},"content":{"rendered":"<p class=\"has-medium-font-size\">Inzwischen wissen die meisten Reisenden, dass Madeira Eintrittsgeb\u00fchren f\u00fcr seine beliebtesten Wanderwege (Levadas) eingef\u00fchrt hat. Bei der Online-Buchung Ihres Tickets gibt es jedoch ein entscheidendes Detail, das viele vielleicht \u00fcbersehen, aber unbedingt akzeptieren m\u00fcssen.<\/p>\n\n\n\n<p class=\"has-medium-font-size\">Wie Sie auf dem nachstehenden Screenshot des offiziellen Buchungsportals sehen k\u00f6nnen, ist es nicht m\u00f6glich, ein Ticket zu kaufen, ohne ein bestimmtes K\u00e4stchen bez\u00fcglich der Haftung anzukreuzen.<\/p>\n\n\n\n<p class=\"has-medium-font-size\">Das Kontrollk\u00e4stchen lautet:<\/p>\n\n\n\n<blockquote class=\"wp-block-quote is-layout-flow wp-block-quote-is-layout-flow\">\n<p class=\"has-medium-font-size\"><strong>\u201cDie Benutzer von Fu\u00dfg\u00e4ngerwegen sind pers\u00f6nlich und ausschlie\u00dflich f\u00fcr alle materiellen oder menschlichen Sch\u00e4den verantwortlich, die w\u00e4hrend ihrer Benutzung entstehen - Artikel 11 des Regionalen Gesetzesdekrets Nr. 24\/2022\/M vom 19. Dezember.\u201d<\/strong><\/p>\n<\/blockquote>\n\n\n\n<p class=\"has-medium-font-size\"><strong>Was bedeutet das f\u00fcr Sie?<\/strong> Mit dieser Klausel wird die Verantwortung vollst\u00e4ndig auf den Wanderer abgew\u00e4lzt. Mit dem Kauf des Tickets erkennen Sie an, dass Sie pers\u00f6nlich f\u00fcr etwaige Missgeschicke haften. Diese Klausel deckt \u201cmaterielle oder menschliche Sch\u00e4den\u201d ab, d. h. wenn Sie sich verletzen, sich verirren und gerettet werden m\u00fcssen oder Sch\u00e4den an der Wanderweginfrastruktur verursachen, tragen Sie \u201causschlie\u00dflich\u201d die Kosten und die Verantwortung.<\/p>\n\n\n\n<p class=\"has-medium-font-size\">Sie k\u00f6nnen nicht mit der Zahlung fortfahren oder Ihren QR-Code erhalten, ohne diese Bedingungen zu akzeptieren.<\/p>\n\n\n\n<p class=\"has-medium-font-size\">Um Ihre Wanderung zu buchen und diese Bedingungen selbst zu \u00fcberpr\u00fcfen, m\u00fcssen Sie das offizielle Portal der Regierung besuchen: <a target=\"_blank\" rel=\"noreferrer noopener\" href=\"https:\/\/simplifica.madeira.gov.pt\/processes\/5627-2341387\">https:\/\/simplifica.madeira.gov.pt\/processes\/5627-2341387<\/a><\/p>\n\n\n\n<p class=\"has-medium-font-size\">Vergewissern Sie sich, dass Sie angemessen versichert sind und wandern Sie mit Vorsicht!<\/p>\n\n\n\n<figure class=\"wp-block-image size-full is-resized\"><img loading=\"lazy\" decoding=\"async\" width=\"1751\" height=\"552\" src=\"\/wp-content\/uploads\/2025\/12\/image.png\" alt=\"\" class=\"wp-image-38378\" style=\"aspect-ratio:3.1703721177095003;width:566px;height:auto\" srcset=\"\/wp-content\/uploads\/2025\/12\/image.png 1751w, \/wp-content\/uploads\/2025\/12\/image-300x95.png 300w, \/wp-content\/uploads\/2025\/12\/image-1024x323.png 1024w, \/wp-content\/uploads\/2025\/12\/image-768x242.png 768w, \/wp-content\/uploads\/2025\/12\/image-1536x484.png 1536w\" sizes=\"auto, (max-width: 1751px) 100vw, 1751px\" \/><\/figure>","protected":false},"featured_media":38379,"template":"","news_category":[],"class_list":["post-38377","news","type-news","status-publish","has-post-thumbnail","hentry"],"acf":[],"_links":{"self":[{"href":"https:\/\/thisismadeiraisland.com\/de\/wp-json\/wp\/v2\/news\/38377","targetHints":{"allow":["GET"]}}],"collection":[{"href":"https:\/\/thisismadeiraisland.com\/de\/wp-json\/wp\/v2\/news"}],"about":[{"href":"https:\/\/thisismadeiraisland.com\/de\/wp-json\/wp\/v2\/types\/news"}],"wp:featuredmedia":[{"embeddable":true,"href":"https:\/\/thisismadeiraisland.com\/de\/wp-json\/wp\/v2\/media\/38379"}],"wp:attachment":[{"href":"https:\/\/thisismadeiraisland.com\/de\/wp-json\/wp\/v2\/media?parent=38377"}],"wp:term":[{"taxonomy":"news_category","embeddable":true,"href":"https:\/\/thisismadeiraisland.com\/de\/wp-json\/wp\/v2\/news_category?post=38377"}],"curies":[{"name":"wp","href":"https:\/\/api.w.org\/{rel}","templated":true}]}}