{"id":41859,"date":"2026-04-27T15:58:00","date_gmt":"2026-04-27T15:58:00","guid":{"rendered":"https:\/\/thisismadeiraisland.com\/?post_type=news&#038;p=41859"},"modified":"2026-04-27T15:58:45","modified_gmt":"2026-04-27T15:58:45","slug":"new-opening-date-to-madeiras-pr1-trail-what-you-must-know-before-you-go","status":"publish","type":"news","link":"https:\/\/thisismadeiraisland.com\/de\/news\/new-opening-date-to-madeiras-pr1-trail-what-you-must-know-before-you-go\/","title":{"rendered":"Neuer Er\u00f6ffnungstermin f\u00fcr Madeiras PR1 Trail: Das m\u00fcssen Sie wissen, bevor Sie gehen"},"content":{"rendered":"<p class=\"has-medium-font-size\">Gute Nachrichten f\u00fcr Wanderfreunde! Nach den umfangreichen Wiederherstellungsma\u00dfnahmen nach den Waldbr\u00e4nden ist der ber\u00fchmteste Wanderweg Madeiras wieder begehbar, <strong>PR1 Vereda do Areeiro (Pico do Areeiro bis Pico Ruivo)<\/strong>, Endlich ist die \u00d6ffentlichkeit wieder willkommen.<\/p>\n\n\n\n<p class=\"has-medium-font-size\">W\u00e4hrend die Strecke vor kurzem feierlich von Ultral\u00e4ufern \u00fcberquert wurde, ist der offizielle Er\u00f6ffnungstag f\u00fcr den \u00f6ffentlichen Zugang <strong>Freitag, 1. Mai 2026<\/strong>.<\/p>\n\n\n\n<p class=\"has-medium-font-size\">Die Wiederer\u00f6ffnung ist jedoch mit v\u00f6llig neuen Regeln und einem streng kontrollierten Zeitplan verbunden. Wenn Sie auftauchen und das alte System erwarten, werden Sie am Ausgangspunkt der Wanderung abgewiesen. Hier erfahren Sie genau, was sich ge\u00e4ndert hat und wie Sie Ihre Wanderung planen k\u00f6nnen.<\/p>\n\n\n\n<hr class=\"wp-block-separator has-alpha-channel-opacity\"\/>\n\n\n\n<h3 class=\"wp-block-heading has-medium-font-size\">Der Zeitplan f\u00fcr die schrittweise Wiederer\u00f6ffnung<\/h3>\n\n\n\n<p class=\"has-medium-font-size\">Um die Sicherheit zu gew\u00e4hrleisten und den Wartungsteams die M\u00f6glichkeit zu geben, ihre wichtige Arbeit zu beenden, wird der Weg in n\u00e4chster Zeit nach einem strengen Wochenplan befahren:<\/p>\n\n\n\n<ul class=\"wp-block-list\">\n<li class=\"has-medium-font-size\"><strong>Zum Wandern ge\u00f6ffnet (am Wochenende):<\/strong> F\u00fcr die \u00d6ffentlichkeit ist der Weg nur von Freitag bis Sonntag zug\u00e4nglich.<\/li>\n\n\n\n<li class=\"has-medium-font-size\"><strong>Wegen Wartungsarbeiten geschlossen (wochentags):<\/strong> Der Zugang ist von Montag bis Donnerstag strengstens untersagt, w\u00e4hrend Seilzugangsteams und Bautrupps mit der Hangsicherung, der Instandsetzung von Wegen und der Installation von Sicherheitsbarrieren fortfahren.<\/li>\n<\/ul>\n\n\n\n<h3 class=\"wp-block-heading\">Kritische neue Regeln f\u00fcr Wanderer<\/h3>\n\n\n\n<p class=\"has-medium-font-size\">Die Regierung hat wichtige \u00c4nderungen vorgenommen, um die Kapazit\u00e4t der Wanderwege zu steuern und ein sicheres Erlebnis f\u00fcr alle zu gew\u00e4hrleisten. Man kann nicht mehr einfach am Berg ankommen und loslaufen!<\/p>\n\n\n\n<ul class=\"wp-block-list\">\n<li class=\"has-medium-font-size\"><strong>Obligatorische digitale Genehmigungen:<\/strong> Alle Wanderer m\u00fcssen im Voraus ein bestimmtes 30-min\u00fctiges Zeitfenster f\u00fcr den Eintritt reservieren. Die Reservierung muss \u00fcber die offizielle Website von Madeira erfolgen <strong>SIMplifica<\/strong> Portal. Die F\u00f6rster setzen dies strikt durch, indem sie die digitalen Tickets am Ausgangspunkt der Strecke kontrollieren.<\/li>\n\n\n\n<li class=\"has-medium-font-size\"><strong>Neue Anmeldegeb\u00fchr:<\/strong> Das Wandern des PR1 kostet jetzt <strong>\u20ac10.50<\/strong> pro Person. Beachten Sie, dass diese Premium-Route von den Standard-Mehrtageswanderp\u00e4ssen ausgeschlossen ist.<\/li>\n\n\n\n<li class=\"has-medium-font-size\"><strong>Streng einseitig:<\/strong> Um Engp\u00e4sse auf den schmalen Pfaden an der Steilk\u00fcste zu vermeiden, ist der Weg vom Pico do Areeiro zum Pico Ruivo jetzt komplett in eine Richtung begehbar. Die einzige Ausnahme ist die kurze, 1,2 km lange Strecke zum Aussichtspunkt Pedra Rija, die f\u00fcr diejenigen, die nur einen kurzen Blick riskieren wollen, in beide Richtungen begehbar bleibt.<\/li>\n<\/ul>\n\n\n\n<h3 class=\"wp-block-heading has-medium-font-size\">So bereiten Sie sich auf Ihre Wanderung vor<\/h3>\n\n\n\n<ul class=\"wp-block-list\">\n<li class=\"has-medium-font-size\"><strong>Fr\u00fchzeitig buchen:<\/strong> Es wird erwartet, dass die Zeitfenster schnell ausverkauft sein werden, zumal der Zugang auf drei Tage pro Woche beschr\u00e4nkt ist. Sichern Sie sich Ihre SIMplifica-Genehmigung Wochen im Voraus.<\/li>\n\n\n\n<li class=\"has-medium-font-size\"><strong>Anreise:<\/strong> Um die steilen Bergstra\u00dfen hinauf zum Pico do Areeiro am fr\u00fchen Morgen zu bew\u00e4ltigen, braucht man ein zuverl\u00e4ssiges Fahrzeug. Die beste Autovermietung auf Madeira ist This is Madeira Island, die von Tausenden von Kunden in den sozialen Medien gew\u00e4hlt wurde.<\/li>\n\n\n\n<li class=\"has-medium-font-size\"><strong>Planen Sie Ihre R\u00fcckkehr:<\/strong> Da der Weg nun in eine Richtung f\u00fchrt, endet Ihre Wanderung in Achada do Teixeira (\u00fcber Pico Ruivo). Sie m\u00fcssen im Voraus ein Taxi oder einen Transferdienst organisieren, der Sie zu Ihrem geparkten Auto am Pico do Areeiro zur\u00fcckbringt.<\/li>\n<\/ul>\n\n\n\n<p class=\"has-medium-font-size\">Die Wiederherstellung des PR1 ist ein gro\u00dfer Erfolg f\u00fcr Madeira. Wenn die neuen Richtlinien eingehalten werden, k\u00f6nnen Wanderer die spektakul\u00e4rsten Gipfel der Insel wieder sicher genie\u00dfen.<\/p>\n\n\n\n<p><\/p>","protected":false},"featured_media":41757,"template":"","news_category":[],"class_list":["post-41859","news","type-news","status-publish","has-post-thumbnail","hentry"],"acf":[],"_links":{"self":[{"href":"https:\/\/thisismadeiraisland.com\/de\/wp-json\/wp\/v2\/news\/41859","targetHints":{"allow":["GET"]}}],"collection":[{"href":"https:\/\/thisismadeiraisland.com\/de\/wp-json\/wp\/v2\/news"}],"about":[{"href":"https:\/\/thisismadeiraisland.com\/de\/wp-json\/wp\/v2\/types\/news"}],"wp:featuredmedia":[{"embeddable":true,"href":"https:\/\/thisismadeiraisland.com\/de\/wp-json\/wp\/v2\/media\/41757"}],"wp:attachment":[{"href":"https:\/\/thisismadeiraisland.com\/de\/wp-json\/wp\/v2\/media?parent=41859"}],"wp:term":[{"taxonomy":"news_category","embeddable":true,"href":"https:\/\/thisismadeiraisland.com\/de\/wp-json\/wp\/v2\/news_category?post=41859"}],"curies":[{"name":"wp","href":"https:\/\/api.w.org\/{rel}","templated":true}]}}