{"id":41870,"date":"2026-04-28T15:41:30","date_gmt":"2026-04-28T15:41:30","guid":{"rendered":"https:\/\/thisismadeiraisland.com\/?post_type=news&#038;p=41870"},"modified":"2026-04-28T15:41:30","modified_gmt":"2026-04-28T15:41:30","slug":"ticket-sales-for-madeiras-most-famous-trail-open-soon-dont-miss-out","status":"publish","type":"news","link":"https:\/\/thisismadeiraisland.com\/de\/news\/ticket-sales-for-madeiras-most-famous-trail-open-soon-dont-miss-out\/","title":{"rendered":"Der Ticketverkauf f\u00fcr Madeiras ber\u00fchmtesten Wanderweg beginnt SOFORT (verpassen Sie nichts!)"},"content":{"rendered":"<p class=\"has-medium-font-size\">Madeiras legend\u00e4rer Wanderweg vom Pico do Areeiro zum Pico Ruivo (PR1 - Vereda do Areeiro) kehrt nach eineinhalb Jahren Schlie\u00dfung offiziell zur\u00fcck. Nach den verheerenden Waldbr\u00e4nden im August 2024 warten die Wanderer sehns\u00fcchtig darauf, wann sie sich ihren Platz sichern k\u00f6nnen.<\/p>\n\n\n\n<p class=\"has-medium-font-size\">Das Warten hat ein Ende: Die Reservierungen f\u00fcr den Kauf von Eintrittskarten f\u00fcr die offizielle Wiederer\u00f6ffnung am 1. Mai beginnen <strong>morgen<\/strong> \u00fcber die <em>Simplifica<\/em> Portal!<\/p>\n\n\n\n<p class=\"has-medium-font-size\">Bevor Sie sich beeilen, um Ihre Tickets zu kaufen, sollten Sie wissen, dass es einige gravierende \u00c4nderungen in der Funktionsweise der Strecke gibt. Hier ist genau das, was Sie wissen m\u00fcssen.<\/p>\n\n\n\n<h3 class=\"wp-block-heading has-medium-font-size\">\ud83d\udea8 Die neuen Regeln des Weges<\/h3>\n\n\n\n<ul class=\"wp-block-list\">\n<li class=\"has-medium-font-size\"><strong>Obligatorische Reservierungen und Geb\u00fchren:<\/strong> Der Zugang ist nicht mehr kostenlos oder spontan. Sie m\u00fcssen Ihr Ticket im Voraus online kaufen und eine Geb\u00fchr von <strong>\u20ac10.50<\/strong>.<\/li>\n\n\n\n<li class=\"has-medium-font-size\"><strong>Nur Einbahnverkehr:<\/strong> Sie k\u00f6nnen diese Strecke nicht mehr als Rundwanderung begehen. Der gesamte Weg verl\u00e4uft jetzt nur noch in eine Richtung, von Areeiro nach Ruivo.<\/li>\n\n\n\n<li class=\"has-medium-font-size\"><strong>Zugang nur am Wochenende (vorl\u00e4ufig):<\/strong> Da im Mai noch umfangreiche Verbesserungsarbeiten im Wert von 602.000 \u20ac durchgef\u00fchrt werden, ist der gesamte Parcours nur an folgenden Tagen zug\u00e4nglich <strong>Freitags, samstags und sonntags<\/strong>.<\/li>\n<\/ul>\n\n\n\n<h3 class=\"wp-block-heading has-medium-font-size\">\ud83d\udccd Routenlogistik und das Transportdilemma<\/h3>\n\n\n\n<ul class=\"wp-block-list has-medium-font-size\">\n<li><strong>Der Checkpoint:<\/strong> Die Beh\u00f6rden werden die neuen Vorschriften strikt durchsetzen und eine Kontrollstelle einrichten in <strong>Pedra Rija<\/strong>. Wenn Sie eine k\u00fcrzere Wanderung suchen, bleibt der Weg bis zu diesem Punkt in beide Richtungen begehbar.<\/li>\n\n\n\n<li><strong>Zur\u00fcckkommen ist Ihr Problem:<\/strong> Da man nur in eine Richtung wandern kann, ist die R\u00fcckkehr zum Ausgangspunkt am Pico do Areeiro derzeit eine gro\u00dfe logistische H\u00fcrde. Die Stra\u00dfenverbindungen sind begrenzt, und das regionale Tourismusministerium bittet private tour-Betreiber und lokale Unternehmen dringend darum, einen R\u00fccktransport anzubieten. Wenn Sie die Wanderung auf eigene Faust unternehmen wollen, m\u00fcssen Sie Ihren R\u00fccktransport rechtzeitig planen!<\/li>\n<\/ul>\n\n\n\n<p><\/p>","protected":false},"featured_media":41757,"template":"","news_category":[],"class_list":["post-41870","news","type-news","status-publish","has-post-thumbnail","hentry"],"acf":[],"_links":{"self":[{"href":"https:\/\/thisismadeiraisland.com\/de\/wp-json\/wp\/v2\/news\/41870","targetHints":{"allow":["GET"]}}],"collection":[{"href":"https:\/\/thisismadeiraisland.com\/de\/wp-json\/wp\/v2\/news"}],"about":[{"href":"https:\/\/thisismadeiraisland.com\/de\/wp-json\/wp\/v2\/types\/news"}],"wp:featuredmedia":[{"embeddable":true,"href":"https:\/\/thisismadeiraisland.com\/de\/wp-json\/wp\/v2\/media\/41757"}],"wp:attachment":[{"href":"https:\/\/thisismadeiraisland.com\/de\/wp-json\/wp\/v2\/media?parent=41870"}],"wp:term":[{"taxonomy":"news_category","embeddable":true,"href":"https:\/\/thisismadeiraisland.com\/de\/wp-json\/wp\/v2\/news_category?post=41870"}],"curies":[{"name":"wp","href":"https:\/\/api.w.org\/{rel}","templated":true}]}}