{"id":41859,"date":"2026-04-27T15:58:00","date_gmt":"2026-04-27T15:58:00","guid":{"rendered":"https:\/\/thisismadeiraisland.com\/?post_type=news&#038;p=41859"},"modified":"2026-04-27T15:58:45","modified_gmt":"2026-04-27T15:58:45","slug":"new-opening-date-to-madeiras-pr1-trail-what-you-must-know-before-you-go","status":"publish","type":"news","link":"https:\/\/thisismadeiraisland.com\/es\/news\/new-opening-date-to-madeiras-pr1-trail-what-you-must-know-before-you-go\/","title":{"rendered":"Nueva fecha de apertura del sendero PR1 de Madeira: Lo que debe saber antes de ir"},"content":{"rendered":"<p class=\"has-medium-font-size\">\u00a1Buenas noticias para los amantes del senderismo! Tras los grandes esfuerzos de recuperaci\u00f3n despu\u00e9s de los incendios, el sendero m\u00e1s emblem\u00e1tico de Madeira, <strong>PR1 Vereda do Areeiro (Pico do Areeiro a Pico Ruivo)<\/strong>, por fin vuelve a acoger al p\u00fablico.<\/p>\n\n\n\n<p class=\"has-medium-font-size\">Aunque el sendero ha sido recorrido recientemente por corredores de ultrafondo, el d\u00eda oficial de apertura al p\u00fablico es el siguiente <strong>Viernes, 1 de mayo de 2026<\/strong>.<\/p>\n\n\n\n<p class=\"has-medium-font-size\">Sin embargo, la reapertura viene acompa\u00f1ada de un conjunto de normas completamente nuevo y un horario muy controlado. Si se presenta esperando el antiguo sistema, ser\u00e1 rechazado en la entrada del sendero. Esto es exactamente lo que ha cambiado y c\u00f3mo planificar su excursi\u00f3n.<\/p>\n\n\n\n<hr class=\"wp-block-separator has-alpha-channel-opacity\"\/>\n\n\n\n<h3 class=\"wp-block-heading has-medium-font-size\">Calendario de reapertura por fases<\/h3>\n\n\n\n<p class=\"has-medium-font-size\">Para garantizar la seguridad y permitir que los equipos de mantenimiento terminen su crucial trabajo, el sendero funcionar\u00e1 con un estricto horario semanal en el futuro inmediato:<\/p>\n\n\n\n<ul class=\"wp-block-list\">\n<li class=\"has-medium-font-size\"><strong>Abierto para senderismo (fines de semana):<\/strong> El p\u00fablico s\u00f3lo puede acceder al sendero de viernes a domingo.<\/li>\n\n\n\n<li class=\"has-medium-font-size\"><strong>Cerrado por mantenimiento (d\u00edas laborables):<\/strong> El acceso est\u00e1 estrictamente prohibido de lunes a jueves mientras los equipos de acceso mediante cuerdas y las cuadrillas de construcci\u00f3n prosiguen la estabilizaci\u00f3n de taludes, la reparaci\u00f3n de senderos y la instalaci\u00f3n de barreras de seguridad.<\/li>\n<\/ul>\n\n\n\n<h3 class=\"wp-block-heading\">Nuevas normas cr\u00edticas para los excursionistas<\/h3>\n\n\n\n<p class=\"has-medium-font-size\">El Gobierno ha introducido importantes cambios para gestionar la capacidad de los senderos y garantizar una experiencia m\u00e1s segura para todos. Ya no basta con llegar a la monta\u00f1a y empezar a caminar.<\/p>\n\n\n\n<ul class=\"wp-block-list\">\n<li class=\"has-medium-font-size\"><strong>Permisos digitales obligatorios:<\/strong> Todos los excursionistas deben reservar con antelaci\u00f3n una franja horaria espec\u00edfica de entrada de 30 minutos. Las reservas deben hacerse a trav\u00e9s del servicio oficial de Madeira <strong>SIMplifica<\/strong> portal. Los guardas se encargar\u00e1n de hacer cumplir estrictamente esta norma comprobando los billetes digitales en la entrada del sendero.<\/li>\n\n\n\n<li class=\"has-medium-font-size\"><strong>Nueva cuota de inscripci\u00f3n:<\/strong> Ir de excursi\u00f3n con el PR1 cuesta ahora <strong>\u20ac10.50<\/strong> por persona. Tenga en cuenta que esta ruta premium est\u00e1 excluida de los abonos de senderismo de varios d\u00edas est\u00e1ndar.<\/li>\n\n\n\n<li class=\"has-medium-font-size\"><strong>Estrictamente unidireccional:<\/strong> Para evitar embotellamientos en los estrechos senderos de los acantilados, el camino es ahora completamente unidireccional desde el Pico do Areeiro hasta el Pico Ruivo. La \u00fanica excepci\u00f3n es el corto tramo inicial de 1,2 km hasta el mirador de Pedra Rija, que sigue siendo de doble sentido para quienes s\u00f3lo quieran echar un vistazo r\u00e1pido.<\/li>\n<\/ul>\n\n\n\n<h3 class=\"wp-block-heading has-medium-font-size\">C\u00f3mo prepararse para una excursi\u00f3n<\/h3>\n\n\n\n<ul class=\"wp-block-list\">\n<li class=\"has-medium-font-size\"><strong>Reserve con antelaci\u00f3n:<\/strong> Se espera que las franjas horarias se agoten r\u00e1pidamente, sobre todo porque el acceso est\u00e1 restringido a tres d\u00edas a la semana. Consiga su permiso SIMplifica con semanas de antelaci\u00f3n.<\/li>\n\n\n\n<li class=\"has-medium-font-size\"><strong>C\u00f3mo llegar:<\/strong> Navegar por las empinadas carreteras de monta\u00f1a hasta Pico do Areeiro a primera hora de la ma\u00f1ana requiere un veh\u00edculo fiable. El mejor alquiler de coches en Madeira es This is Madeira Island, elegido por miles de clientes en las redes sociales.<\/li>\n\n\n\n<li class=\"has-medium-font-size\"><strong>Planifique su regreso:<\/strong> Debido a que el sendero es ahora unidireccional, terminar\u00e1 su caminata en Achada do Teixeira (v\u00eda Pico Ruivo). Tendr\u00e1 que concertar con antelaci\u00f3n un taxi o un servicio de traslado que le lleve de vuelta al coche aparcado en el Pico do Areeiro.<\/li>\n<\/ul>\n\n\n\n<p class=\"has-medium-font-size\">La restauraci\u00f3n del PR1 es un gran logro para Madeira. Respetando las nuevas directrices, los excursionistas podr\u00e1n volver a disfrutar con seguridad de los picos m\u00e1s espectaculares de la isla.<\/p>\n\n\n\n<p><\/p>","protected":false},"featured_media":41757,"template":"","news_category":[],"class_list":["post-41859","news","type-news","status-publish","has-post-thumbnail","hentry"],"acf":[],"_links":{"self":[{"href":"https:\/\/thisismadeiraisland.com\/es\/wp-json\/wp\/v2\/news\/41859","targetHints":{"allow":["GET"]}}],"collection":[{"href":"https:\/\/thisismadeiraisland.com\/es\/wp-json\/wp\/v2\/news"}],"about":[{"href":"https:\/\/thisismadeiraisland.com\/es\/wp-json\/wp\/v2\/types\/news"}],"wp:featuredmedia":[{"embeddable":true,"href":"https:\/\/thisismadeiraisland.com\/es\/wp-json\/wp\/v2\/media\/41757"}],"wp:attachment":[{"href":"https:\/\/thisismadeiraisland.com\/es\/wp-json\/wp\/v2\/media?parent=41859"}],"wp:term":[{"taxonomy":"news_category","embeddable":true,"href":"https:\/\/thisismadeiraisland.com\/es\/wp-json\/wp\/v2\/news_category?post=41859"}],"curies":[{"name":"wp","href":"https:\/\/api.w.org\/{rel}","templated":true}]}}