{"id":41870,"date":"2026-04-28T15:41:30","date_gmt":"2026-04-28T15:41:30","guid":{"rendered":"https:\/\/thisismadeiraisland.com\/?post_type=news&#038;p=41870"},"modified":"2026-04-28T15:41:30","modified_gmt":"2026-04-28T15:41:30","slug":"ticket-sales-for-madeiras-most-famous-trail-open-soon-dont-miss-out","status":"publish","type":"news","link":"https:\/\/thisismadeiraisland.com\/es\/news\/ticket-sales-for-madeiras-most-famous-trail-open-soon-dont-miss-out\/","title":{"rendered":"Pr\u00f3xima apertura de la venta de entradas para la ruta m\u00e1s famosa de Madeira (\u00a1no se lo pierda!)"},"content":{"rendered":"<p class=\"has-medium-font-size\">El legendario sendero del Pico do Areeiro al Pico Ruivo (PR1 - Vereda do Areeiro) regresa oficialmente a Madeira tras un a\u00f1o y medio cerrado. Tras los devastadores incendios de agosto de 2024, los excursionistas han estado esperando ansiosamente para saber exactamente cu\u00e1ndo podr\u00e1n asegurar su plaza.<\/p>\n\n\n\n<p class=\"has-medium-font-size\">Se acab\u00f3 la espera: comienzan las reservas para comprar sus entradas para la reapertura oficial del 1 de mayo <strong>ma\u00f1ana<\/strong> en el <em>Simplifica<\/em> \u00a1Portal!<\/p>\n\n\n\n<p class=\"has-medium-font-size\">Antes de que se apresure a comprar sus entradas, hay varios cambios importantes en el funcionamiento de la ruta. Esto es exactamente lo que necesitas saber.<\/p>\n\n\n\n<h3 class=\"wp-block-heading has-medium-font-size\">\ud83d\udea8 Las nuevas reglas del sendero<\/h3>\n\n\n\n<ul class=\"wp-block-list\">\n<li class=\"has-medium-font-size\"><strong>Reservas obligatorias y tasas:<\/strong> El acceso ya no es gratuito ni espont\u00e1neo. Debe comprar su billete por adelantado en l\u00ednea y pagar una tasa de 2,5 euros. <strong>\u20ac10.50<\/strong>.<\/li>\n\n\n\n<li class=\"has-medium-font-size\"><strong>S\u00f3lo tr\u00e1fico unidireccional:<\/strong> Ya no se puede hacer esta ruta como ida y vuelta. La ruta completa es ahora estrictamente unidireccional, de Areeiro a Ruivo.<\/li>\n\n\n\n<li class=\"has-medium-font-size\"><strong>Acceso s\u00f3lo el fin de semana (por ahora):<\/strong> Dado que durante todo el mes de mayo a\u00fan se est\u00e1 llevando a cabo un amplio proyecto de mejora por valor de 602.000 euros, el recorrido completo s\u00f3lo estar\u00e1 abierto a los poseedores de entradas el <strong>Viernes, s\u00e1bados y domingos<\/strong>.<\/li>\n<\/ul>\n\n\n\n<h3 class=\"wp-block-heading has-medium-font-size\">\ud83d\udccd Log\u00edstica de rutas y el dilema del transporte<\/h3>\n\n\n\n<ul class=\"wp-block-list has-medium-font-size\">\n<li><strong>El puesto de control:<\/strong> Las autoridades har\u00e1n cumplir estrictamente las nuevas normas con un punto de control situado en <strong>Pedra Rija<\/strong>. Si busca una excursi\u00f3n m\u00e1s corta, el sendero sigue siendo de doble sentido hasta este punto de control espec\u00edfico.<\/li>\n\n\n\n<li><strong>Volver es tu problema:<\/strong> Dado que s\u00f3lo se puede hacer una ruta de ida, regresar al punto de partida en el Pico do Areeiro es actualmente un gran obst\u00e1culo log\u00edstico. Las conexiones por carretera son limitadas, y la Secretar\u00eda Regional de Turismo est\u00e1 instando a los operadores privados de tour y a las empresas locales a que proporcionen lanzaderas de ida y vuelta. Si piensa recorrer el sendero por su cuenta, tendr\u00e1 que planificar el transporte de vuelta con mucha antelaci\u00f3n.<\/li>\n<\/ul>\n\n\n\n<p><\/p>","protected":false},"featured_media":41757,"template":"","news_category":[],"class_list":["post-41870","news","type-news","status-publish","has-post-thumbnail","hentry"],"acf":[],"_links":{"self":[{"href":"https:\/\/thisismadeiraisland.com\/es\/wp-json\/wp\/v2\/news\/41870","targetHints":{"allow":["GET"]}}],"collection":[{"href":"https:\/\/thisismadeiraisland.com\/es\/wp-json\/wp\/v2\/news"}],"about":[{"href":"https:\/\/thisismadeiraisland.com\/es\/wp-json\/wp\/v2\/types\/news"}],"wp:featuredmedia":[{"embeddable":true,"href":"https:\/\/thisismadeiraisland.com\/es\/wp-json\/wp\/v2\/media\/41757"}],"wp:attachment":[{"href":"https:\/\/thisismadeiraisland.com\/es\/wp-json\/wp\/v2\/media?parent=41870"}],"wp:term":[{"taxonomy":"news_category","embeddable":true,"href":"https:\/\/thisismadeiraisland.com\/es\/wp-json\/wp\/v2\/news_category?post=41870"}],"curies":[{"name":"wp","href":"https:\/\/api.w.org\/{rel}","templated":true}]}}