{"id":41859,"date":"2026-04-27T15:58:00","date_gmt":"2026-04-27T15:58:00","guid":{"rendered":"https:\/\/thisismadeiraisland.com\/?post_type=news&#038;p=41859"},"modified":"2026-04-27T15:58:45","modified_gmt":"2026-04-27T15:58:45","slug":"new-opening-date-to-madeiras-pr1-trail-what-you-must-know-before-you-go","status":"publish","type":"news","link":"https:\/\/thisismadeiraisland.com\/fi\/news\/new-opening-date-to-madeiras-pr1-trail-what-you-must-know-before-you-go\/","title":{"rendered":"Madeiran PR1-polun uusi avajaisp\u00e4iv\u00e4: Mit\u00e4 sinun on tiedett\u00e4v\u00e4 ennen l\u00e4ht\u00f6\u00e4si"},"content":{"rendered":"<p class=\"has-medium-font-size\">Hienoja uutisia retkeilyn harrastajille! Maastopalojen j\u00e4lkeisten laajojen elvytystoimien j\u00e4lkeen Madeiran ikonisin polku, <strong>PR1 Vereda do Areeiro (Pico do Areeirosta Pico Ruivoon)<\/strong>, toivottaa vihdoin yleis\u00f6n tervetulleeksi takaisin.<\/p>\n\n\n\n<p class=\"has-medium-font-size\">Ultrajuoksijat ylittiv\u00e4t polun \u00e4skett\u00e4in juhlallisin menoin, mutta yleis\u00f6n virallinen avausp\u00e4iv\u00e4 on <strong>perjantai, 1. toukokuuta 2026<\/strong>.<\/p>\n\n\n\n<p class=\"has-medium-font-size\">Uudelleen avaamiseen liittyy kuitenkin t\u00e4ysin uudet s\u00e4\u00e4nn\u00f6t ja eritt\u00e4in tarkasti valvottu aikataulu. Jos tulet paikalle vanhaa j\u00e4rjestelm\u00e4\u00e4 odottaen, sinut k\u00e4\u00e4nnytet\u00e4\u00e4n pois jo polun alkup\u00e4\u00e4ss\u00e4. T\u00e4ss\u00e4 kerrotaan, mik\u00e4 on muuttunut ja miten vaellus kannattaa suunnitella.<\/p>\n\n\n\n<hr class=\"wp-block-separator has-alpha-channel-opacity\"\/>\n\n\n\n<h3 class=\"wp-block-heading has-medium-font-size\">Vaiheittainen uudelleenavaamisaikataulu<\/h3>\n\n\n\n<p class=\"has-medium-font-size\">Turvallisuuden takaamiseksi ja jotta kunnossapitohenkil\u00f6st\u00f6 saisi t\u00e4rke\u00e4t ty\u00f6ns\u00e4 tehty\u00e4, reitill\u00e4 on l\u00e4hitulevaisuudessa tiukka viikoittainen aikataulu:<\/p>\n\n\n\n<ul class=\"wp-block-list\">\n<li class=\"has-medium-font-size\"><strong>Avoinna retkeilyyn (viikonloppuisin):<\/strong> Yleis\u00f6 p\u00e4\u00e4see reitille vain perjantaista sunnuntaihin.<\/li>\n\n\n\n<li class=\"has-medium-font-size\"><strong>Suljettu huollon vuoksi (arkisin):<\/strong> P\u00e4\u00e4sy on ehdottomasti kielletty maanantaista torstaihin, kun k\u00f6ysiryhm\u00e4t ja rakennusmiehet jatkavat rinteen vakauttamista, polkujen korjaamista ja turvakaiteiden asentamista.<\/li>\n<\/ul>\n\n\n\n<h3 class=\"wp-block-heading\">Kriittiset uudet s\u00e4\u00e4nn\u00f6t retkeilij\u00f6ille<\/h3>\n\n\n\n<p class=\"has-medium-font-size\">Hallitus on toteuttanut merkitt\u00e4vi\u00e4 muutoksia reittien kapasiteetin hallitsemiseksi ja turvallisemman kokemuksen takaamiseksi kaikille. Et voi en\u00e4\u00e4 vain saapua vuorelle ja aloittaa k\u00e4vely\u00e4!<\/p>\n\n\n\n<ul class=\"wp-block-list\">\n<li class=\"has-medium-font-size\"><strong>Pakolliset digitaaliset luvat:<\/strong> Kaikkien retkeilij\u00f6iden on varattava etuk\u00e4teen 30 minuutin sis\u00e4\u00e4np\u00e4\u00e4syaika. Varaukset on teht\u00e4v\u00e4 virallisen Madeiran <strong>SIMplifica<\/strong> portaali. Mets\u00e4nvartijat valvovat t\u00e4t\u00e4 tiukasti tarkistamalla digitaaliset liput polun alkup\u00e4\u00e4ss\u00e4.<\/li>\n\n\n\n<li class=\"has-medium-font-size\"><strong>Uusi osallistumismaksu:<\/strong> PR1:n vaellus maksaa nyt <strong>\u20ac10.50<\/strong> per henkil\u00f6. Huomaa, ett\u00e4 t\u00e4m\u00e4 premium-reitti ei kuulu monip\u00e4iv\u00e4isten vaelluspassien vakiovalikoimaan.<\/li>\n\n\n\n<li class=\"has-medium-font-size\"><strong>Tiukasti yksisuuntainen:<\/strong> Kapeiden kalliopolkujen pullonkaulojen v\u00e4ltt\u00e4miseksi polku on nyt t\u00e4ysin yksisuuntainen Pico do Areeirolta Pico Ruivolle. Ainoa poikkeus on lyhyt 1,2 kilometrin alkup\u00e4tk\u00e4 Pedra Rijan n\u00e4k\u00f6alapaikalle, joka on edelleen kaksisuuntainen niille, jotka haluavat vain vilkaista sit\u00e4 nopeasti.<\/li>\n<\/ul>\n\n\n\n<h3 class=\"wp-block-heading has-medium-font-size\">Miten valmistautua vaellukselle<\/h3>\n\n\n\n<ul class=\"wp-block-list\">\n<li class=\"has-medium-font-size\"><strong>Varaa ajoissa:<\/strong> Ajanvarausten odotetaan myyv\u00e4n loppuun nopeasti, varsinkin kun p\u00e4\u00e4sy on rajoitettu kolmeen p\u00e4iv\u00e4\u00e4n viikossa. Varaa SIMplifica-lupasi viikkoja etuk\u00e4teen.<\/li>\n\n\n\n<li class=\"has-medium-font-size\"><strong>Sinne p\u00e4\u00e4seminen:<\/strong> Jyrkki\u00e4 vuoristoteit\u00e4 pitkin Pico do Areeirolle nouseminen varhain aamulla edellytt\u00e4\u00e4 luotettavaa ajoneuvoa. Madeiran paras autonvuokraus on This is Madeira Island, jonka tuhannet asiakkaat ovat valinneet sosiaalisessa mediassa.<\/li>\n\n\n\n<li class=\"has-medium-font-size\"><strong>Suunnittele paluusi:<\/strong> Koska polku on nyt yksisuuntainen, vaellus p\u00e4\u00e4ttyy Achada do Teixeiraan (Pico Ruivon kautta). Sinun on j\u00e4rjestett\u00e4v\u00e4 etuk\u00e4teen taksi tai kuljetuspalvelu, joka vie sinut takaisin Pico do Areeiroon pys\u00e4k\u00f6ityyn autoosi.<\/li>\n<\/ul>\n\n\n\n<p class=\"has-medium-font-size\">PR1:n palauttaminen on valtava saavutus Madeiralle. Uusia suuntaviivoja noudattamalla retkeilij\u00e4t voivat j\u00e4lleen nauttia turvallisesti saaren upeimmista huipuista.<\/p>\n\n\n\n<p><\/p>","protected":false},"featured_media":41757,"template":"","news_category":[],"class_list":["post-41859","news","type-news","status-publish","has-post-thumbnail","hentry"],"acf":[],"_links":{"self":[{"href":"https:\/\/thisismadeiraisland.com\/fi\/wp-json\/wp\/v2\/news\/41859","targetHints":{"allow":["GET"]}}],"collection":[{"href":"https:\/\/thisismadeiraisland.com\/fi\/wp-json\/wp\/v2\/news"}],"about":[{"href":"https:\/\/thisismadeiraisland.com\/fi\/wp-json\/wp\/v2\/types\/news"}],"wp:featuredmedia":[{"embeddable":true,"href":"https:\/\/thisismadeiraisland.com\/fi\/wp-json\/wp\/v2\/media\/41757"}],"wp:attachment":[{"href":"https:\/\/thisismadeiraisland.com\/fi\/wp-json\/wp\/v2\/media?parent=41859"}],"wp:term":[{"taxonomy":"news_category","embeddable":true,"href":"https:\/\/thisismadeiraisland.com\/fi\/wp-json\/wp\/v2\/news_category?post=41859"}],"curies":[{"name":"wp","href":"https:\/\/api.w.org\/{rel}","templated":true}]}}