{"id":41870,"date":"2026-04-28T15:41:30","date_gmt":"2026-04-28T15:41:30","guid":{"rendered":"https:\/\/thisismadeiraisland.com\/?post_type=news&#038;p=41870"},"modified":"2026-04-28T15:41:30","modified_gmt":"2026-04-28T15:41:30","slug":"ticket-sales-for-madeiras-most-famous-trail-open-soon-dont-miss-out","status":"publish","type":"news","link":"https:\/\/thisismadeiraisland.com\/fi\/news\/ticket-sales-for-madeiras-most-famous-trail-open-soon-dont-miss-out\/","title":{"rendered":"Lipunmyynti Madeiran kuuluisimmalle polulle avautuu PIAN (\u00c4lk\u00e4\u00e4 j\u00e4tt\u00e4k\u00f6 v\u00e4liin!)"},"content":{"rendered":"<p class=\"has-medium-font-size\">Madeiran legendaarinen Pico do Areeiron ja Pico Ruivon v\u00e4linen polku (PR1 - Vereda do Areeiro) tekee virallisesti odotetun paluunsa oltuaan suljettuna puolitoista vuotta. Elokuun 2024 tuhoisien maastopalojen j\u00e4lkeen retkeilij\u00e4t ovat odottaneet innokkaasti, milloin he voivat varmistaa paikkansa.<\/p>\n\n\n\n<p class=\"has-medium-font-size\">Odotus on ohi: varaukset lippujen ostamiseksi virallista 1. toukokuuta tapahtuvaa uudelleenavaamista varten alkavat. <strong>huomenna<\/strong> on <em>Simplifica<\/em> portaali!<\/p>\n\n\n\n<p class=\"has-medium-font-size\">Ennen kuin kiirehdit ostamaan lippuja, polun toimintatapaan on tehty useita suuria muutoksia. T\u00e4ss\u00e4 on tarkalleen, mit\u00e4 sinun on tiedett\u00e4v\u00e4.<\/p>\n\n\n\n<h3 class=\"wp-block-heading has-medium-font-size\">\ud83d\udea8 Uudet polun s\u00e4\u00e4nn\u00f6t<\/h3>\n\n\n\n<ul class=\"wp-block-list\">\n<li class=\"has-medium-font-size\"><strong>Pakolliset varaukset ja maksut:<\/strong> P\u00e4\u00e4sy ei ole en\u00e4\u00e4 vapaata tai spontaania. Lippu on ostettava ennakkoon verkosta ja maksettava maksu, joka on <strong>\u20ac10.50<\/strong>.<\/li>\n\n\n\n<li class=\"has-medium-font-size\"><strong>Vain yksisuuntainen liikenne:<\/strong> T\u00e4t\u00e4 reitti\u00e4 ei voi en\u00e4\u00e4 vaeltaa kiertomatkana. Koko reitti kulkee nyt vain yhteen suuntaan, Areeirolta Ruivolle.<\/li>\n\n\n\n<li class=\"has-medium-font-size\"><strong>Vain viikonloppuyhteys (toistaiseksi):<\/strong> Koska laaja 602 000 euron parannusprojekti on edelleen aktiivisesti k\u00e4ynniss\u00e4 koko toukokuun ajan, koko rata on avoinna lipunhaltijoille vain seuraavina p\u00e4ivin\u00e4. <strong>Perjantaisin, lauantaisin ja sunnuntaisin<\/strong>.<\/li>\n<\/ul>\n\n\n\n<h3 class=\"wp-block-heading has-medium-font-size\">\ud83d\udccd Reittilogistiikka ja kuljetusdilemma<\/h3>\n\n\n\n<ul class=\"wp-block-list has-medium-font-size\">\n<li><strong>Tarkistuspiste:<\/strong> Viranomaiset valvovat tiukasti uusien s\u00e4\u00e4nt\u00f6jen noudattamista valvontapisteess\u00e4, joka sijaitsee osoitteessa <strong>Pedra Rija<\/strong>. Jos etsit lyhyemp\u00e4\u00e4 vaellusta, polku on kaksisuuntainen t\u00e4h\u00e4n tarkistuspisteeseen asti.<\/li>\n\n\n\n<li><strong>Paluu on sinun ongelmasi:<\/strong> Koska voit vaeltaa vain yhteen suuntaan, paluu l\u00e4ht\u00f6pisteeseen Pico do Areeiroon on t\u00e4ll\u00e4 hetkell\u00e4 suuri logistinen este. Tieyhteydet ovat rajalliset, ja alueen matkailusihteeri kehottaa yksityisi\u00e4 tour-operaattoreita ja paikallisia yrityksi\u00e4 tarjoamaan paluukuljetuksia. Jos aiot l\u00e4hte\u00e4 reitille itsen\u00e4isesti, sinun on suunniteltava paluukuljetuksesi hyviss\u00e4 ajoin etuk\u00e4teen!<\/li>\n<\/ul>\n\n\n\n<p><\/p>","protected":false},"featured_media":41757,"template":"","news_category":[],"class_list":["post-41870","news","type-news","status-publish","has-post-thumbnail","hentry"],"acf":[],"_links":{"self":[{"href":"https:\/\/thisismadeiraisland.com\/fi\/wp-json\/wp\/v2\/news\/41870","targetHints":{"allow":["GET"]}}],"collection":[{"href":"https:\/\/thisismadeiraisland.com\/fi\/wp-json\/wp\/v2\/news"}],"about":[{"href":"https:\/\/thisismadeiraisland.com\/fi\/wp-json\/wp\/v2\/types\/news"}],"wp:featuredmedia":[{"embeddable":true,"href":"https:\/\/thisismadeiraisland.com\/fi\/wp-json\/wp\/v2\/media\/41757"}],"wp:attachment":[{"href":"https:\/\/thisismadeiraisland.com\/fi\/wp-json\/wp\/v2\/media?parent=41870"}],"wp:term":[{"taxonomy":"news_category","embeddable":true,"href":"https:\/\/thisismadeiraisland.com\/fi\/wp-json\/wp\/v2\/news_category?post=41870"}],"curies":[{"name":"wp","href":"https:\/\/api.w.org\/{rel}","templated":true}]}}