{"id":41859,"date":"2026-04-27T15:58:00","date_gmt":"2026-04-27T15:58:00","guid":{"rendered":"https:\/\/thisismadeiraisland.com\/?post_type=news&#038;p=41859"},"modified":"2026-04-27T15:58:45","modified_gmt":"2026-04-27T15:58:45","slug":"new-opening-date-to-madeiras-pr1-trail-what-you-must-know-before-you-go","status":"publish","type":"news","link":"https:\/\/thisismadeiraisland.com\/fr\/news\/new-opening-date-to-madeiras-pr1-trail-what-you-must-know-before-you-go\/","title":{"rendered":"Nouvelle date d'ouverture du sentier PR1 de Mad\u00e8re : Ce qu'il faut savoir avant de partir"},"content":{"rendered":"<p class=\"has-medium-font-size\">Bonne nouvelle pour les amateurs de randonn\u00e9e ! Apr\u00e8s d'importants efforts de r\u00e9cup\u00e9ration suite aux incendies, le sentier le plus embl\u00e9matique de Mad\u00e8re, <strong>PR1 Vereda do Areeiro (de Pico do Areeiro \u00e0 Pico Ruivo)<\/strong>, L'Union europ\u00e9enne accueille enfin le public.<\/p>\n\n\n\n<p class=\"has-medium-font-size\">Les coureurs d'ultra-course ont r\u00e9cemment franchi le sentier \u00e0 l'occasion d'une c\u00e9r\u00e9monie, mais le jour de lancement officiel de l'acc\u00e8s public est le suivant <strong>Vendredi 1er mai 2026<\/strong>.<\/p>\n\n\n\n<p class=\"has-medium-font-size\">Toutefois, la r\u00e9ouverture s'accompagne d'un tout nouvel ensemble de r\u00e8gles et d'un programme tr\u00e8s contr\u00f4l\u00e9. Si vous vous pr\u00e9sentez en vous attendant \u00e0 l'ancien syst\u00e8me, vous serez refoul\u00e9 au d\u00e9part du sentier. Voici ce qui a chang\u00e9 et comment planifier votre randonn\u00e9e.<\/p>\n\n\n\n<hr class=\"wp-block-separator has-alpha-channel-opacity\"\/>\n\n\n\n<h3 class=\"wp-block-heading has-medium-font-size\">Le calendrier de r\u00e9ouverture progressive<\/h3>\n\n\n\n<p class=\"has-medium-font-size\">Afin de garantir la s\u00e9curit\u00e9 et de permettre aux \u00e9quipes d'entretien de terminer leur travail crucial, le sentier fonctionne selon un calendrier hebdomadaire strict dans l'imm\u00e9diat :<\/p>\n\n\n\n<ul class=\"wp-block-list\">\n<li class=\"has-medium-font-size\"><strong>Ouvert \u00e0 la randonn\u00e9e (week-ends) :<\/strong> Le public ne peut acc\u00e9der au sentier que du vendredi au dimanche.<\/li>\n\n\n\n<li class=\"has-medium-font-size\"><strong>Ferm\u00e9 pour maintenance (jours ouvrables) :<\/strong> L'acc\u00e8s est strictement interdit du lundi au jeudi pendant que les \u00e9quipes de cordistes et les \u00e9quipes de construction poursuivent la stabilisation des pentes, la r\u00e9paration des chemins et l'installation de barri\u00e8res de s\u00e9curit\u00e9.<\/li>\n<\/ul>\n\n\n\n<h3 class=\"wp-block-heading\">Nouvelles r\u00e8gles essentielles pour les randonneurs<\/h3>\n\n\n\n<p class=\"has-medium-font-size\">Le gouvernement a mis en \u0153uvre des changements majeurs pour g\u00e9rer la capacit\u00e9 des sentiers et garantir une exp\u00e9rience plus s\u00fbre pour tous. Il n'est plus possible d'arriver \u00e0 la montagne et de commencer \u00e0 marcher !<\/p>\n\n\n\n<ul class=\"wp-block-list\">\n<li class=\"has-medium-font-size\"><strong>Permis num\u00e9riques obligatoires :<\/strong> Tous les randonneurs doivent r\u00e9server \u00e0 l'avance un cr\u00e9neau horaire d'entr\u00e9e de 30 minutes. Les r\u00e9servations doivent \u00eatre effectu\u00e9es par l'interm\u00e9diaire de l'agence officielle de Mad\u00e8re. <strong>Simplifier<\/strong> portail. Les gardes forestiers veillent \u00e0 l'application stricte de cette r\u00e8gle en v\u00e9rifiant les tickets num\u00e9riques au d\u00e9part du sentier.<\/li>\n\n\n\n<li class=\"has-medium-font-size\"><strong>Nouveau droit d'entr\u00e9e :<\/strong> La randonn\u00e9e du PR1 co\u00fbte maintenant <strong>\u20ac10.50<\/strong> par personne. Notez que cet itin\u00e9raire premium est exclu des forfaits standard de randonn\u00e9e de plusieurs jours.<\/li>\n\n\n\n<li class=\"has-medium-font-size\"><strong>Strictement \u00e0 sens unique :<\/strong> Afin d'\u00e9viter les goulets d'\u00e9tranglement sur les sentiers \u00e9troits \u00e0 flanc de falaise, le sentier est d\u00e9sormais enti\u00e8rement \u00e0 sens unique du Pico do Areeiro au Pico Ruivo. La seule exception est le court tron\u00e7on initial de 1,2 km jusqu'au point de vue de Pedra Rija, qui reste \u00e0 double sens pour ceux qui veulent juste jeter un coup d'\u0153il.<\/li>\n<\/ul>\n\n\n\n<h3 class=\"wp-block-heading has-medium-font-size\">Comment se pr\u00e9parer \u00e0 la randonn\u00e9e<\/h3>\n\n\n\n<ul class=\"wp-block-list\">\n<li class=\"has-medium-font-size\"><strong>R\u00e9servez t\u00f4t :<\/strong> Les cr\u00e9neaux horaires devraient \u00eatre rapidement \u00e9puis\u00e9s, d'autant plus que l'acc\u00e8s est limit\u00e9 \u00e0 trois jours par semaine. R\u00e9servez votre permis SIMplifica plusieurs semaines \u00e0 l'avance.<\/li>\n\n\n\n<li class=\"has-medium-font-size\"><strong>Pour s'y rendre :<\/strong> Naviguer sur les routes de montagne escarp\u00e9es jusqu'au Pico do Areeiro t\u00f4t le matin n\u00e9cessite un v\u00e9hicule fiable. La meilleure location de voiture \u00e0 Mad\u00e8re est This is Madeira Island, choisie par des milliers de clients sur les m\u00e9dias sociaux.<\/li>\n\n\n\n<li class=\"has-medium-font-size\"><strong>Planifiez votre retour :<\/strong> Le sentier \u00e9tant d\u00e9sormais \u00e0 sens unique, vous terminerez votre randonn\u00e9e \u00e0 Achada do Teixeira (en passant par Pico Ruivo). Vous devrez organiser \u00e0 l'avance un taxi ou un service de transfert pour vous ramener \u00e0 votre voiture gar\u00e9e au Pico do Areeiro.<\/li>\n<\/ul>\n\n\n\n<p class=\"has-medium-font-size\">La restauration du PR1 est une r\u00e9ussite majeure pour Mad\u00e8re. En respectant les nouvelles directives, les randonneurs peuvent \u00e0 nouveau profiter en toute s\u00e9curit\u00e9 des sommets les plus spectaculaires de l'\u00eele.<\/p>\n\n\n\n<p><\/p>","protected":false},"featured_media":41757,"template":"","news_category":[],"class_list":["post-41859","news","type-news","status-publish","has-post-thumbnail","hentry"],"acf":[],"_links":{"self":[{"href":"https:\/\/thisismadeiraisland.com\/fr\/wp-json\/wp\/v2\/news\/41859","targetHints":{"allow":["GET"]}}],"collection":[{"href":"https:\/\/thisismadeiraisland.com\/fr\/wp-json\/wp\/v2\/news"}],"about":[{"href":"https:\/\/thisismadeiraisland.com\/fr\/wp-json\/wp\/v2\/types\/news"}],"wp:featuredmedia":[{"embeddable":true,"href":"https:\/\/thisismadeiraisland.com\/fr\/wp-json\/wp\/v2\/media\/41757"}],"wp:attachment":[{"href":"https:\/\/thisismadeiraisland.com\/fr\/wp-json\/wp\/v2\/media?parent=41859"}],"wp:term":[{"taxonomy":"news_category","embeddable":true,"href":"https:\/\/thisismadeiraisland.com\/fr\/wp-json\/wp\/v2\/news_category?post=41859"}],"curies":[{"name":"wp","href":"https:\/\/api.w.org\/{rel}","templated":true}]}}