{"id":41870,"date":"2026-04-28T15:41:30","date_gmt":"2026-04-28T15:41:30","guid":{"rendered":"https:\/\/thisismadeiraisland.com\/?post_type=news&#038;p=41870"},"modified":"2026-04-28T15:41:30","modified_gmt":"2026-04-28T15:41:30","slug":"ticket-sales-for-madeiras-most-famous-trail-open-soon-dont-miss-out","status":"publish","type":"news","link":"https:\/\/thisismadeiraisland.com\/fr\/news\/ticket-sales-for-madeiras-most-famous-trail-open-soon-dont-miss-out\/","title":{"rendered":"La vente de billets pour le sentier le plus c\u00e9l\u00e8bre de Mad\u00e8re commence bient\u00f4t (ne manquez pas cette occasion !)"},"content":{"rendered":"<p class=\"has-medium-font-size\">Le l\u00e9gendaire sentier du Pico do Areeiro au Pico Ruivo (PR1 - Vereda do Areeiro) de Mad\u00e8re fait officiellement son retour tr\u00e8s attendu apr\u00e8s avoir \u00e9t\u00e9 ferm\u00e9 pendant un an et demi. \u00c0 la suite des incendies d\u00e9vastateurs d'ao\u00fbt 2024, les randonneurs ont attendu avec impatience de savoir exactement quand ils pourraient r\u00e9server leur place.<\/p>\n\n\n\n<p class=\"has-medium-font-size\">L'attente est termin\u00e9e : les r\u00e9servations pour acheter vos billets pour la r\u00e9ouverture officielle du 1er mai commencent. <strong>demain<\/strong> sur le <em>Simplifica<\/em> portail !<\/p>\n\n\n\n<p class=\"has-medium-font-size\">Avant de vous pr\u00e9cipiter pour acheter vos billets, sachez qu'il y a plusieurs changements importants dans le fonctionnement de la piste. Voici ce qu'il faut savoir.<\/p>\n\n\n\n<h3 class=\"wp-block-heading has-medium-font-size\">\ud83d\udea8 Les nouvelles r\u00e8gles du jeu<\/h3>\n\n\n\n<ul class=\"wp-block-list\">\n<li class=\"has-medium-font-size\"><strong>R\u00e9servations et frais obligatoires :<\/strong> L'acc\u00e8s n'est plus ni gratuit ni spontan\u00e9. Vous devez acheter votre billet \u00e0 l'avance en ligne et vous acquitter d'une redevance de <strong>\u20ac10.50<\/strong>.<\/li>\n\n\n\n<li class=\"has-medium-font-size\"><strong>Circulation \u00e0 sens unique uniquement :<\/strong> Il n'est plus possible de faire cet itin\u00e9raire en aller-retour. Le sentier complet est maintenant strictement \u00e0 sens unique, allant d'Areeiro \u00e0 Ruivo.<\/li>\n\n\n\n<li class=\"has-medium-font-size\"><strong>Acc\u00e8s en fin de semaine seulement (pour l'instant) :<\/strong> \u00c9tant donn\u00e9 qu'un vaste projet d'am\u00e9lioration de 602 000 euros est toujours en cours pendant le mois de mai, la piste compl\u00e8te ne sera accessible aux d\u00e9tenteurs de billets que les jours suivants <strong>Les vendredis, samedis et dimanches<\/strong>.<\/li>\n<\/ul>\n\n\n\n<h3 class=\"wp-block-heading has-medium-font-size\">\ud83d\udccd Logistique des itin\u00e9raires et dilemme du transport<\/h3>\n\n\n\n<ul class=\"wp-block-list has-medium-font-size\">\n<li><strong>Le point de contr\u00f4le :<\/strong> Les autorit\u00e9s veilleront \u00e0 l'application stricte des nouvelles r\u00e8gles en mettant en place un point de contr\u00f4le situ\u00e9 \u00e0 l'adresse suivante <strong>Pedra Rija<\/strong>. Si vous recherchez une randonn\u00e9e plus courte, le sentier reste bidirectionnel jusqu'\u00e0 ce point de contr\u00f4le sp\u00e9cifique.<\/li>\n\n\n\n<li><strong>Le retour est votre probl\u00e8me :<\/strong> \u00c9tant donn\u00e9 qu'il n'est possible de faire qu'une seule randonn\u00e9e, le retour au point de d\u00e9part au Pico do Areeiro est actuellement un obstacle logistique majeur. Les liaisons routi\u00e8res sont limit\u00e9es et le secr\u00e9taire r\u00e9gional au tourisme demande instamment aux op\u00e9rateurs priv\u00e9s de tour et aux entreprises locales de se manifester et de proposer des navettes de retour. Si vous envisagez de parcourir le sentier de mani\u00e8re ind\u00e9pendante, vous devrez planifier votre transport de retour bien \u00e0 l'avance !<\/li>\n<\/ul>\n\n\n\n<p><\/p>","protected":false},"featured_media":41757,"template":"","news_category":[],"class_list":["post-41870","news","type-news","status-publish","has-post-thumbnail","hentry"],"acf":[],"_links":{"self":[{"href":"https:\/\/thisismadeiraisland.com\/fr\/wp-json\/wp\/v2\/news\/41870","targetHints":{"allow":["GET"]}}],"collection":[{"href":"https:\/\/thisismadeiraisland.com\/fr\/wp-json\/wp\/v2\/news"}],"about":[{"href":"https:\/\/thisismadeiraisland.com\/fr\/wp-json\/wp\/v2\/types\/news"}],"wp:featuredmedia":[{"embeddable":true,"href":"https:\/\/thisismadeiraisland.com\/fr\/wp-json\/wp\/v2\/media\/41757"}],"wp:attachment":[{"href":"https:\/\/thisismadeiraisland.com\/fr\/wp-json\/wp\/v2\/media?parent=41870"}],"wp:term":[{"taxonomy":"news_category","embeddable":true,"href":"https:\/\/thisismadeiraisland.com\/fr\/wp-json\/wp\/v2\/news_category?post=41870"}],"curies":[{"name":"wp","href":"https:\/\/api.w.org\/{rel}","templated":true}]}}