{"id":41859,"date":"2026-04-27T15:58:00","date_gmt":"2026-04-27T15:58:00","guid":{"rendered":"https:\/\/thisismadeiraisland.com\/?post_type=news&#038;p=41859"},"modified":"2026-04-27T15:58:45","modified_gmt":"2026-04-27T15:58:45","slug":"new-opening-date-to-madeiras-pr1-trail-what-you-must-know-before-you-go","status":"publish","type":"news","link":"https:\/\/thisismadeiraisland.com\/hu\/news\/new-opening-date-to-madeiras-pr1-trail-what-you-must-know-before-you-go\/","title":{"rendered":"\u00daj megnyit\u00e1si d\u00e1tum a madeirai PR1 \u00f6sv\u00e9nyen: Mit kell tudnia, miel\u0151tt elindul"},"content":{"rendered":"<p class=\"has-medium-font-size\">Nagyszer\u0171 h\u00edr a t\u00far\u00e1z\u00e1s szerelmeseinek! Az erd\u0151t\u00fczeket k\u00f6vet\u0151 kiterjedt helyre\u00e1ll\u00edt\u00e1si er\u0151fesz\u00edt\u00e9sek ut\u00e1n Madeira legikonikusabb \u00f6sv\u00e9nye, <strong>PR1 Vereda do Areeiro (Pico do Areeiro \u00e9s Pico Ruivo k\u00f6z\u00f6tt)<\/strong>, v\u00e9gre \u00fajra fogadja a k\u00f6z\u00f6ns\u00e9get.<\/p>\n\n\n\n<p class=\"has-medium-font-size\">M\u00edg az \u00f6sv\u00e9nyen nemr\u00e9giben \u00fcnnep\u00e9lyes \u00e1tkel\u00e9st tartottak az ultrafut\u00f3k, a nyilv\u00e1nos hozz\u00e1f\u00e9r\u00e9s hivatalos ind\u00edt\u00e1si napja <strong>2026 m\u00e1jus 1, p\u00e9ntek, m\u00e1jus 1<\/strong>.<\/p>\n\n\n\n<p class=\"has-medium-font-size\">Az \u00fajranyit\u00e1s azonban teljesen \u00faj szab\u00e1lyokkal \u00e9s szigor\u00faan ellen\u0151rz\u00f6tt menetrenddel j\u00e1r. Ha a r\u00e9gi rendszerre sz\u00e1m\u00edtva jelenik meg, m\u00e1r az \u00f6sv\u00e9ny elej\u00e9n el fogj\u00e1k utas\u00edtani. \u00cdme, pontosan mi v\u00e1ltozott, \u00e9s hogyan tervezd meg a t\u00far\u00e1dat.<\/p>\n\n\n\n<hr class=\"wp-block-separator has-alpha-channel-opacity\"\/>\n\n\n\n<h3 class=\"wp-block-heading has-medium-font-size\">A szakaszos \u00fajranyit\u00e1si \u00fctemterv<\/h3>\n\n\n\n<p class=\"has-medium-font-size\">A biztons\u00e1g \u00e9rdek\u00e9ben, valamint az\u00e9rt, hogy a karbantart\u00f3k befejezhess\u00e9k a l\u00e9tfontoss\u00e1g\u00fa munk\u00e1latokat, az \u00f6sv\u00e9ny a k\u00f6zelj\u00f6v\u0151ben szigor\u00fa heti \u00fctemterv szerint m\u0171k\u00f6dik:<\/p>\n\n\n\n<ul class=\"wp-block-list\">\n<li class=\"has-medium-font-size\"><strong>T\u00far\u00e1z\u00e1sra nyitva (h\u00e9tv\u00e9g\u00e9n):<\/strong> A nagyk\u00f6z\u00f6ns\u00e9g csak p\u00e9ntekt\u0151l vas\u00e1rnapig l\u00e1togathatja az \u00f6sv\u00e9nyt.<\/li>\n\n\n\n<li class=\"has-medium-font-size\"><strong>Karbantart\u00e1s miatt z\u00e1rva (h\u00e9tk\u00f6znap):<\/strong> H\u00e9tf\u0151t\u0151l cs\u00fct\u00f6rt\u00f6kig szigor\u00faan tilos a bel\u00e9p\u00e9s, am\u00edg a k\u00f6t\u00e9ltechnikai csapatok \u00e9s az \u00e9p\u00edt\u0151munk\u00e1sok folytatj\u00e1k a lejt\u0151 stabiliz\u00e1l\u00e1s\u00e1t, az \u00f6sv\u00e9nyek jav\u00edt\u00e1s\u00e1t \u00e9s a biztons\u00e1gi korl\u00e1tok telep\u00edt\u00e9s\u00e9t.<\/li>\n<\/ul>\n\n\n\n<h3 class=\"wp-block-heading\">Kritikus \u00faj szab\u00e1lyok a t\u00far\u00e1z\u00f3k sz\u00e1m\u00e1ra<\/h3>\n\n\n\n<p class=\"has-medium-font-size\">A korm\u00e1ny jelent\u0151s v\u00e1ltoztat\u00e1sokat hajtott v\u00e9gre a nyomvonalak kapacit\u00e1s\u00e1nak kezel\u00e9se \u00e9s a mindenki sz\u00e1m\u00e1ra biztons\u00e1gosabb \u00e9lm\u00e9ny biztos\u00edt\u00e1sa \u00e9rdek\u00e9ben. T\u00f6bb\u00e9 m\u00e1r nem lehet csak \u00fagy meg\u00e9rkezni a hegyre \u00e9s elindulni!<\/p>\n\n\n\n<ul class=\"wp-block-list\">\n<li class=\"has-medium-font-size\"><strong>K\u00f6telez\u0151 digit\u00e1lis enged\u00e9lyek:<\/strong> Minden t\u00far\u00e1z\u00f3nak el\u0151re le kell foglalnia egy meghat\u00e1rozott 30 perces bel\u00e9p\u00e9si id\u0151t. A foglal\u00e1sokat a hivatalos madeirai <strong>SIMplifica<\/strong> port\u00e1l. Az erd\u0151\u0151r\u00f6k ezt szigor\u00faan betartj\u00e1k a digit\u00e1lis jegyek ellen\u0151rz\u00e9s\u00e9vel az \u00f6sv\u00e9ny elej\u00e9n.<\/li>\n\n\n\n<li class=\"has-medium-font-size\"><strong>\u00daj nevez\u00e9si d\u00edj:<\/strong> A PR1 t\u00far\u00e1z\u00e1s most a <strong>\u20ac10.50<\/strong> szem\u00e9lyenk\u00e9nt. Vegye figyelembe, hogy ez a pr\u00e9mium \u00fatvonal nem tartozik a t\u00f6bbnapos t\u00fara\u00fatvonalakra \u00e9rv\u00e9nyes norm\u00e1l b\u00e9rletek k\u00f6z\u00e9.<\/li>\n\n\n\n<li class=\"has-medium-font-size\"><strong>Szigor\u00faan egyir\u00e1ny\u00fa:<\/strong> A sz\u0171k sziklautakon kialakult sz\u0171k keresztmetszetek elker\u00fcl\u00e9se \u00e9rdek\u00e9ben az \u00f6sv\u00e9ny mostant\u00f3l teljesen egyir\u00e1ny\u00fa a Pico do Areeiro \u00e9s a Pico Ruivo k\u00f6z\u00f6tt. Az egyetlen kiv\u00e9tel a Pedra Rija kil\u00e1t\u00f3hoz vezet\u0151 r\u00f6vid, 1,2 km-es kezdeti szakasz, amely tov\u00e1bbra is k\u00e9tir\u00e1ny\u00fa marad azok sz\u00e1m\u00e1ra, akik csak egy gyors pillant\u00e1sra v\u00e1gynak.<\/li>\n<\/ul>\n\n\n\n<h3 class=\"wp-block-heading has-medium-font-size\">Hogyan k\u00e9sz\u00fclj fel a t\u00far\u00e1ra<\/h3>\n\n\n\n<ul class=\"wp-block-list\">\n<li class=\"has-medium-font-size\"><strong>Foglaljon kor\u00e1n:<\/strong> Az id\u0151pontok v\u00e1rhat\u00f3an gyorsan elfogynak, k\u00fcl\u00f6n\u00f6sen mivel a hozz\u00e1f\u00e9r\u00e9s a h\u00e9t h\u00e1rom napj\u00e1ra korl\u00e1toz\u00f3dik. Biztos\u00edtsa a SIMplifica enged\u00e9ly\u00e9t hetekkel el\u0151re.<\/li>\n\n\n\n<li class=\"has-medium-font-size\"><strong>Megk\u00f6zel\u00edt\u00e9s:<\/strong> A Pico do Areeir\u00f3ra vezet\u0151 meredek hegyi utakon val\u00f3 k\u00f6zleked\u00e9s kora reggel megb\u00edzhat\u00f3 j\u00e1rm\u0171vet ig\u00e9nyel. Madeira legjobb aut\u00f3k\u00f6lcs\u00f6nz\u0151je az This is Madeira Island, amelyet t\u00f6bb ezer \u00fcgyf\u00e9l v\u00e1lasztott a k\u00f6z\u00f6ss\u00e9gi m\u00e9di\u00e1ban.<\/li>\n\n\n\n<li class=\"has-medium-font-size\"><strong>Tervezze meg a visszat\u00e9r\u00e9st:<\/strong> Mivel az \u00f6sv\u00e9ny most m\u00e1r egyir\u00e1ny\u00fa, a t\u00far\u00e1t az Achada do Teixeira-n\u00e1l fejezz\u00fck be (a Pico Ruivo-n kereszt\u00fcl). El\u0151re meg kell szerveznie egy taxit vagy egy transzfert, amely visszaviszi a Pico do Areeir\u00f3n\u00e1l parkol\u00f3 aut\u00f3j\u00e1hoz.<\/li>\n<\/ul>\n\n\n\n<p class=\"has-medium-font-size\">A PR1 helyre\u00e1ll\u00edt\u00e1sa hatalmas eredm\u00e9ny Madeira sz\u00e1m\u00e1ra. Az \u00faj ir\u00e1nyelvek betart\u00e1s\u00e1val a t\u00far\u00e1z\u00f3k ism\u00e9t biztons\u00e1gban \u00e9lvezhetik a sziget legl\u00e1tv\u00e1nyosabb cs\u00facsait.<\/p>\n\n\n\n<p><\/p>","protected":false},"featured_media":41757,"template":"","news_category":[],"class_list":["post-41859","news","type-news","status-publish","has-post-thumbnail","hentry"],"acf":[],"_links":{"self":[{"href":"https:\/\/thisismadeiraisland.com\/hu\/wp-json\/wp\/v2\/news\/41859","targetHints":{"allow":["GET"]}}],"collection":[{"href":"https:\/\/thisismadeiraisland.com\/hu\/wp-json\/wp\/v2\/news"}],"about":[{"href":"https:\/\/thisismadeiraisland.com\/hu\/wp-json\/wp\/v2\/types\/news"}],"wp:featuredmedia":[{"embeddable":true,"href":"https:\/\/thisismadeiraisland.com\/hu\/wp-json\/wp\/v2\/media\/41757"}],"wp:attachment":[{"href":"https:\/\/thisismadeiraisland.com\/hu\/wp-json\/wp\/v2\/media?parent=41859"}],"wp:term":[{"taxonomy":"news_category","embeddable":true,"href":"https:\/\/thisismadeiraisland.com\/hu\/wp-json\/wp\/v2\/news_category?post=41859"}],"curies":[{"name":"wp","href":"https:\/\/api.w.org\/{rel}","templated":true}]}}