{"id":41870,"date":"2026-04-28T15:41:30","date_gmt":"2026-04-28T15:41:30","guid":{"rendered":"https:\/\/thisismadeiraisland.com\/?post_type=news&#038;p=41870"},"modified":"2026-04-28T15:41:30","modified_gmt":"2026-04-28T15:41:30","slug":"ticket-sales-for-madeiras-most-famous-trail-open-soon-dont-miss-out","status":"publish","type":"news","link":"https:\/\/thisismadeiraisland.com\/hu\/news\/ticket-sales-for-madeiras-most-famous-trail-open-soon-dont-miss-out\/","title":{"rendered":"A jegy\u00e9rt\u00e9kes\u00edt\u00e9s Madeira legh\u00edresebb t\u00fara\u00fatvonal\u00e1ra hamarosan megny\u00edlik (ne maradjon le!)"},"content":{"rendered":"<p class=\"has-medium-font-size\">Madeira legend\u00e1s Pico do Areeiro-Pico Ruivo (PR1 - Vereda do Areeiro) \u00fatvonala m\u00e1sf\u00e9l \u00e9ves z\u00e1rva tart\u00e1s ut\u00e1n hivatalosan is visszat\u00e9r a v\u00e1rva v\u00e1rt \u00fatvonalra. A 2024. augusztusi puszt\u00edt\u00f3 erd\u0151t\u00fczek ut\u00e1n a t\u00far\u00e1z\u00f3k t\u00fcrelmetlen\u00fcl v\u00e1rt\u00e1k, hogy megtudj\u00e1k, pontosan mikor biztos\u00edthatj\u00e1k a hely\u00fcket.<\/p>\n\n\n\n<p class=\"has-medium-font-size\">V\u00e9ge a v\u00e1rakoz\u00e1snak: megkezd\u0151dik a jegyfoglal\u00e1s a m\u00e1jus 1-jei hivatalos \u00fajranyit\u00e1sra. <strong>holnap<\/strong> a <em>Simplifica<\/em> port\u00e1l!<\/p>\n\n\n\n<p class=\"has-medium-font-size\">Miel\u0151tt elkapkodn\u00e1d a jegyv\u00e1s\u00e1rl\u00e1st, a p\u00e1lya m\u0171k\u00f6d\u00e9s\u00e9ben t\u00f6bb jelent\u0151s v\u00e1ltoz\u00e1s is t\u00f6rt\u00e9nt. Az al\u00e1bbiakat kell tudnod.<\/p>\n\n\n\n<h3 class=\"wp-block-heading has-medium-font-size\">\ud83d\udea8 Az \u00f6sv\u00e9ny \u00faj szab\u00e1lyai<\/h3>\n\n\n\n<ul class=\"wp-block-list\">\n<li class=\"has-medium-font-size\"><strong>K\u00f6telez\u0151 foglal\u00e1sok \u00e9s d\u00edjak:<\/strong> A hozz\u00e1f\u00e9r\u00e9s m\u00e1r nem ingyenes vagy spont\u00e1n. A jegyet el\u0151zetesen online kell megv\u00e1s\u00e1rolni, \u00e9s d\u00edjat kell fizetni. <strong>\u20ac10.50<\/strong>.<\/li>\n\n\n\n<li class=\"has-medium-font-size\"><strong>Csak egyir\u00e1ny\u00fa forgalom:<\/strong> Ezt az \u00fatvonalat m\u00e1r nem lehet oda-vissza t\u00far\u00e1zni. A teljes \u00fatvonal mostant\u00f3l szigor\u00faan egyir\u00e1ny\u00fa, Areeir\u00f3t\u00f3l Ruiv\u00f3ig tart.<\/li>\n\n\n\n<li class=\"has-medium-font-size\"><strong>Csak h\u00e9tv\u00e9gi hozz\u00e1f\u00e9r\u00e9s (egyel\u0151re):<\/strong> Mivel m\u00e1jus folyam\u00e1n m\u00e9g mindig akt\u00edvan zajlik egy 602 000 eur\u00f3s, \u00e1tfog\u00f3 fejleszt\u00e9si projekt, a teljes nyomvonal csak a k\u00f6vetkez\u0151 napokon lesz nyitva a jegytulajdonosok sz\u00e1m\u00e1ra. <strong>P\u00e9ntek, szombat \u00e9s vas\u00e1rnap<\/strong>.<\/li>\n<\/ul>\n\n\n\n<h3 class=\"wp-block-heading has-medium-font-size\">\ud83d\udccd \u00datvonal logisztika \u00e9s a sz\u00e1ll\u00edt\u00e1s dilemm\u00e1ja<\/h3>\n\n\n\n<ul class=\"wp-block-list has-medium-font-size\">\n<li><strong>Az ellen\u0151rz\u0151pont:<\/strong> A hat\u00f3s\u00e1gok szigor\u00faan betartatj\u00e1k az \u00faj szab\u00e1lyokat egy ellen\u0151rz\u0151 ponttal, amely az al\u00e1bbi helyen tal\u00e1lhat\u00f3 <strong>Pedra Rija<\/strong>. Ha r\u00f6videbb t\u00far\u00e1ra v\u00e1gyik, az \u00f6sv\u00e9ny k\u00e9tir\u00e1ny\u00fa marad eg\u00e9szen addig a bizonyos ellen\u0151rz\u0151pontig.<\/li>\n\n\n\n<li><strong>A visszat\u00e9r\u00e9s a te probl\u00e9m\u00e1d:<\/strong> Mivel csak egy ir\u00e1nyba lehet t\u00far\u00e1zni, a Pico do Areeir\u00f3n\u00e1l l\u00e9v\u0151 kiindul\u00f3pontra val\u00f3 visszat\u00e9r\u00e9s jelenleg komoly logisztikai akad\u00e1lyt jelent. A k\u00f6z\u00fati \u00f6sszek\u00f6ttet\u00e9sek korl\u00e1tozottak, \u00e9s a region\u00e1lis turisztikai titk\u00e1rs\u00e1g s\u00fcrgeti a mag\u00e1n tour-szolg\u00e1ltat\u00f3kat \u00e9s a helyi v\u00e1llalkoz\u00e1sokat, hogy l\u00e9pjenek fel \u00e9s biztos\u00edtsanak oda-vissza j\u00e1ratokat. Ha azt tervezi, hogy \u00f6n\u00e1ll\u00f3an v\u00e1g neki az \u00fatvonalnak, akkor j\u00f3 el\u0151re meg kell terveznie a vissza\u00fatra val\u00f3 sz\u00e1ll\u00edt\u00e1st!<\/li>\n<\/ul>\n\n\n\n<p><\/p>","protected":false},"featured_media":41757,"template":"","news_category":[],"class_list":["post-41870","news","type-news","status-publish","has-post-thumbnail","hentry"],"acf":[],"_links":{"self":[{"href":"https:\/\/thisismadeiraisland.com\/hu\/wp-json\/wp\/v2\/news\/41870","targetHints":{"allow":["GET"]}}],"collection":[{"href":"https:\/\/thisismadeiraisland.com\/hu\/wp-json\/wp\/v2\/news"}],"about":[{"href":"https:\/\/thisismadeiraisland.com\/hu\/wp-json\/wp\/v2\/types\/news"}],"wp:featuredmedia":[{"embeddable":true,"href":"https:\/\/thisismadeiraisland.com\/hu\/wp-json\/wp\/v2\/media\/41757"}],"wp:attachment":[{"href":"https:\/\/thisismadeiraisland.com\/hu\/wp-json\/wp\/v2\/media?parent=41870"}],"wp:term":[{"taxonomy":"news_category","embeddable":true,"href":"https:\/\/thisismadeiraisland.com\/hu\/wp-json\/wp\/v2\/news_category?post=41870"}],"curies":[{"name":"wp","href":"https:\/\/api.w.org\/{rel}","templated":true}]}}