{"id":41859,"date":"2026-04-27T15:58:00","date_gmt":"2026-04-27T15:58:00","guid":{"rendered":"https:\/\/thisismadeiraisland.com\/?post_type=news&#038;p=41859"},"modified":"2026-04-27T15:58:45","modified_gmt":"2026-04-27T15:58:45","slug":"new-opening-date-to-madeiras-pr1-trail-what-you-must-know-before-you-go","status":"publish","type":"news","link":"https:\/\/thisismadeiraisland.com\/it\/news\/new-opening-date-to-madeiras-pr1-trail-what-you-must-know-before-you-go\/","title":{"rendered":"Nuova data di apertura del sentiero PR1 di Madeira: Cosa sapere prima di partire"},"content":{"rendered":"<p class=\"has-medium-font-size\">Grandi notizie per gli appassionati di escursionismo! Dopo un lungo lavoro di recupero a seguito degli incendi, il sentiero pi\u00f9 iconico di Madeira, <strong>PR1 Vereda do Areeiro (da Pico do Areeiro a Pico Ruivo)<\/strong>, sta finalmente riaccogliendo il pubblico.<\/p>\n\n\n\n<p class=\"has-medium-font-size\">Mentre il sentiero \u00e8 stato attraversato di recente da una cerimonia per gli ultrarunner, il giorno di lancio ufficiale per l'accesso al pubblico \u00e8 il seguente <strong>Venerd\u00ec 1 maggio 2026<\/strong>.<\/p>\n\n\n\n<p class=\"has-medium-font-size\">Tuttavia, la riapertura comporta una serie di regole completamente nuove e un programma altamente controllato. Se vi presentate con il vecchio sistema, sarete respinti alla partenza del sentiero. Ecco cosa \u00e8 cambiato e come pianificare la vostra escursione.<\/p>\n\n\n\n<hr class=\"wp-block-separator has-alpha-channel-opacity\"\/>\n\n\n\n<h3 class=\"wp-block-heading has-medium-font-size\">Il programma di riapertura graduale<\/h3>\n\n\n\n<p class=\"has-medium-font-size\">Per garantire la sicurezza e consentire alle squadre di manutenzione di portare a termine il loro lavoro cruciale, nell'immediato futuro il sentiero sar\u00e0 soggetto a un rigido programma settimanale:<\/p>\n\n\n\n<ul class=\"wp-block-list\">\n<li class=\"has-medium-font-size\"><strong>Aperto per le escursioni (fine settimana):<\/strong> Il pubblico pu\u00f2 accedere al sentiero solo dal venerd\u00ec alla domenica.<\/li>\n\n\n\n<li class=\"has-medium-font-size\"><strong>Chiuso per manutenzione (giorni feriali):<\/strong> L'accesso \u00e8 severamente vietato dal luned\u00ec al gioved\u00ec, mentre le squadre di accesso con corda e le squadre di costruzione continuano a stabilizzare i pendii, a riparare i sentieri e a installare barriere di sicurezza.<\/li>\n<\/ul>\n\n\n\n<h3 class=\"wp-block-heading\">Nuove regole critiche per gli escursionisti<\/h3>\n\n\n\n<p class=\"has-medium-font-size\">Il governo ha attuato importanti cambiamenti per gestire la capacit\u00e0 dei sentieri e garantire un'esperienza pi\u00f9 sicura per tutti. Non si pu\u00f2 pi\u00f9 semplicemente arrivare in montagna e iniziare a camminare!<\/p>\n\n\n\n<ul class=\"wp-block-list\">\n<li class=\"has-medium-font-size\"><strong>Permessi digitali obbligatori:<\/strong> Tutti gli escursionisti devono prenotare in anticipo una fascia oraria di ingresso specifica di 30 minuti. Le prenotazioni devono essere effettuate tramite il sito ufficiale di Madeira <strong>SIMplifica<\/strong> portale. I ranger fanno rispettare questo principio controllando i biglietti digitali alla partenza del sentiero.<\/li>\n\n\n\n<li class=\"has-medium-font-size\"><strong>Nuova quota di iscrizione:<\/strong> L'escursione con il PR1 costa ora <strong>\u20ac10.50<\/strong> a persona. Si noti che questo percorso premium \u00e8 escluso dai pass escursionistici standard di pi\u00f9 giorni.<\/li>\n\n\n\n<li class=\"has-medium-font-size\"><strong>Strettamente a senso unico:<\/strong> Per evitare imbottigliamenti sugli stretti sentieri della scogliera, il sentiero \u00e8 ora completamente a senso unico da Pico do Areeiro a Pico Ruivo. L'unica eccezione \u00e8 il breve tratto iniziale di 1,2 km fino al punto panoramico di Pedra Rija, che rimane a doppio senso per chi vuole solo dare un'occhiata veloce.<\/li>\n<\/ul>\n\n\n\n<h3 class=\"wp-block-heading has-medium-font-size\">Come prepararsi all'escursione<\/h3>\n\n\n\n<ul class=\"wp-block-list\">\n<li class=\"has-medium-font-size\"><strong>Prenotate in anticipo:<\/strong> Si prevede che le fasce orarie si esauriranno rapidamente, soprattutto perch\u00e9 l'accesso \u00e8 limitato a tre giorni alla settimana. Assicuratevi il vostro permesso SIMplifica con settimane di anticipo.<\/li>\n\n\n\n<li class=\"has-medium-font-size\"><strong>Come arrivare:<\/strong> Per percorrere le ripide strade di montagna fino a Pico do Areeiro la mattina presto \u00e8 necessario un veicolo affidabile. Il miglior autonoleggio di Madeira \u00e8 This is Madeira Island, scelto da migliaia di clienti sui social media.<\/li>\n\n\n\n<li class=\"has-medium-font-size\"><strong>Pianificare il rientro:<\/strong> Poich\u00e9 il sentiero \u00e8 ora a senso unico, l'escursione terminer\u00e0 ad Achada do Teixeira (via Pico Ruivo). \u00c8 necessario organizzare in anticipo un taxi o un servizio di trasferimento per tornare all'auto parcheggiata a Pico do Areeiro.<\/li>\n<\/ul>\n\n\n\n<p class=\"has-medium-font-size\">Il ripristino della PR1 \u00e8 un grande risultato per Madeira. Rispettando le nuove linee guida, gli escursionisti potranno tornare a godere in sicurezza delle vette pi\u00f9 spettacolari dell'isola.<\/p>\n\n\n\n<p><\/p>","protected":false},"featured_media":41757,"template":"","news_category":[],"class_list":["post-41859","news","type-news","status-publish","has-post-thumbnail","hentry"],"acf":[],"_links":{"self":[{"href":"https:\/\/thisismadeiraisland.com\/it\/wp-json\/wp\/v2\/news\/41859","targetHints":{"allow":["GET"]}}],"collection":[{"href":"https:\/\/thisismadeiraisland.com\/it\/wp-json\/wp\/v2\/news"}],"about":[{"href":"https:\/\/thisismadeiraisland.com\/it\/wp-json\/wp\/v2\/types\/news"}],"wp:featuredmedia":[{"embeddable":true,"href":"https:\/\/thisismadeiraisland.com\/it\/wp-json\/wp\/v2\/media\/41757"}],"wp:attachment":[{"href":"https:\/\/thisismadeiraisland.com\/it\/wp-json\/wp\/v2\/media?parent=41859"}],"wp:term":[{"taxonomy":"news_category","embeddable":true,"href":"https:\/\/thisismadeiraisland.com\/it\/wp-json\/wp\/v2\/news_category?post=41859"}],"curies":[{"name":"wp","href":"https:\/\/api.w.org\/{rel}","templated":true}]}}