{"id":41870,"date":"2026-04-28T15:41:30","date_gmt":"2026-04-28T15:41:30","guid":{"rendered":"https:\/\/thisismadeiraisland.com\/?post_type=news&#038;p=41870"},"modified":"2026-04-28T15:41:30","modified_gmt":"2026-04-28T15:41:30","slug":"ticket-sales-for-madeiras-most-famous-trail-open-soon-dont-miss-out","status":"publish","type":"news","link":"https:\/\/thisismadeiraisland.com\/it\/news\/ticket-sales-for-madeiras-most-famous-trail-open-soon-dont-miss-out\/","title":{"rendered":"Le vendite dei biglietti per il percorso pi\u00f9 famoso di Madeira apriranno presto (non mancate!)"},"content":{"rendered":"<p class=\"has-medium-font-size\">Il leggendario sentiero da Pico do Areeiro a Pico Ruivo (PR1 - Vereda do Areeiro) di Madeira sta ufficialmente per fare il suo attesissimo ritorno dopo essere stato chiuso per un anno e mezzo. Dopo i devastanti incendi dell'agosto 2024, gli escursionisti hanno atteso con ansia di sapere quando avrebbero potuto assicurarsi il loro posto.<\/p>\n\n\n\n<p class=\"has-medium-font-size\">L'attesa \u00e8 finita: iniziano le prenotazioni per acquistare i biglietti per la riapertura ufficiale del 1\u00b0 maggio. <strong>domani<\/strong> sul <em>Semplificare<\/em> portale!<\/p>\n\n\n\n<p class=\"has-medium-font-size\">Prima che vi affrettiate ad acquistare i biglietti, sono state apportate diverse modifiche sostanziali al funzionamento del percorso. Ecco cosa c'\u00e8 da sapere.<\/p>\n\n\n\n<h3 class=\"wp-block-heading has-medium-font-size\">\ud83d\udea8 Le nuove regole del sentiero<\/h3>\n\n\n\n<ul class=\"wp-block-list\">\n<li class=\"has-medium-font-size\"><strong>Prenotazioni e tariffe obbligatorie:<\/strong> L'accesso non \u00e8 pi\u00f9 gratuito o spontaneo. \u00c8 necessario acquistare il biglietto in anticipo online e pagare una tassa di <strong>\u20ac10.50<\/strong>.<\/li>\n\n\n\n<li class=\"has-medium-font-size\"><strong>Solo traffico a senso unico:<\/strong> Non \u00e8 pi\u00f9 possibile percorrere questo itinerario in andata e ritorno. L'intero percorso \u00e8 ora strettamente monodirezionale, da Areeiro a Ruivo.<\/li>\n\n\n\n<li class=\"has-medium-font-size\"><strong>Accesso solo nel fine settimana (per ora):<\/strong> Poich\u00e9 per tutto il mese di maggio \u00e8 ancora in corso un ampio progetto di miglioramento del valore di 602.000 euro, il percorso completo sar\u00e0 aperto ai possessori di biglietti solo nei giorni seguenti. <strong>Venerd\u00ec, sabato e domenica<\/strong>.<\/li>\n<\/ul>\n\n\n\n<h3 class=\"wp-block-heading has-medium-font-size\">\ud83d\udccd Logistica di percorso e dilemma del trasporto<\/h3>\n\n\n\n<ul class=\"wp-block-list has-medium-font-size\">\n<li><strong>Il punto di controllo:<\/strong> Le autorit\u00e0 faranno rispettare rigorosamente le nuove regole con un punto di controllo situato a <strong>Pedra Rija<\/strong>. Se siete alla ricerca di un'escursione pi\u00f9 breve, il sentiero rimane bidirezionale fino a questo specifico punto di controllo.<\/li>\n\n\n\n<li><strong>Il problema \u00e8 tornare indietro:<\/strong> Dal momento che si pu\u00f2 fare solo un'escursione di andata, il ritorno al punto di partenza a Pico do Areeiro \u00e8 attualmente un grosso ostacolo logistico. I collegamenti stradali sono limitati e la Segreteria Regionale del Turismo sta sollecitando gli operatori privati del tour e le imprese locali a farsi avanti e a fornire navette per il ritorno. Se avete intenzione di affrontare il percorso in modo indipendente, dovrete pianificare il vostro trasporto di ritorno con largo anticipo!<\/li>\n<\/ul>\n\n\n\n<p><\/p>","protected":false},"featured_media":41757,"template":"","news_category":[],"class_list":["post-41870","news","type-news","status-publish","has-post-thumbnail","hentry"],"acf":[],"_links":{"self":[{"href":"https:\/\/thisismadeiraisland.com\/it\/wp-json\/wp\/v2\/news\/41870","targetHints":{"allow":["GET"]}}],"collection":[{"href":"https:\/\/thisismadeiraisland.com\/it\/wp-json\/wp\/v2\/news"}],"about":[{"href":"https:\/\/thisismadeiraisland.com\/it\/wp-json\/wp\/v2\/types\/news"}],"wp:featuredmedia":[{"embeddable":true,"href":"https:\/\/thisismadeiraisland.com\/it\/wp-json\/wp\/v2\/media\/41757"}],"wp:attachment":[{"href":"https:\/\/thisismadeiraisland.com\/it\/wp-json\/wp\/v2\/media?parent=41870"}],"wp:term":[{"taxonomy":"news_category","embeddable":true,"href":"https:\/\/thisismadeiraisland.com\/it\/wp-json\/wp\/v2\/news_category?post=41870"}],"curies":[{"name":"wp","href":"https:\/\/api.w.org\/{rel}","templated":true}]}}