{"id":41859,"date":"2026-04-27T15:58:00","date_gmt":"2026-04-27T15:58:00","guid":{"rendered":"https:\/\/thisismadeiraisland.com\/?post_type=news&#038;p=41859"},"modified":"2026-04-27T15:58:45","modified_gmt":"2026-04-27T15:58:45","slug":"new-opening-date-to-madeiras-pr1-trail-what-you-must-know-before-you-go","status":"publish","type":"news","link":"https:\/\/thisismadeiraisland.com\/lt\/news\/new-opening-date-to-madeiras-pr1-trail-what-you-must-know-before-you-go\/","title":{"rendered":"Nauja Madeiros PR1 tako atidarymo data: K\u0105 turite \u017einoti prie\u0161 eidami"},"content":{"rendered":"<p class=\"has-medium-font-size\">Puiki \u017einia \u017eygi\u0173 entuziastams! Po dideli\u0173 pastang\u0173 atkuriant mi\u0161k\u0173 gaisr\u0173 padarinius, \u017eymiausias Madeiros p\u0117s\u010di\u0173j\u0173 takas, <strong>PR1 Vereda do Areeiro (nuo Pico do Areeiro iki Pico Ruivo)<\/strong>, pagaliau v\u0117l kvie\u010dia visuomen\u0119.<\/p>\n\n\n\n<p class=\"has-medium-font-size\">Nors neseniai tak\u0105 i\u0161kilmingai kirto ultrab\u0117gikai, oficiali vie\u0161osios prieigos prie jo atidarymo diena yra <strong>2026 m. gegu\u017e\u0117s 1 d., penktadienis<\/strong>.<\/p>\n\n\n\n<p class=\"has-medium-font-size\">Ta\u010diau atnaujinus veikl\u0105, taikomos visi\u0161kai naujos taisykl\u0117s ir grie\u017etai kontroliuojamas tvarkara\u0161tis. Jei atvyksite tik\u0117damiesi senosios sistemos, b\u016bsite atstumti prie tako. \u0160tai kas pasikeit\u0117 ir kaip planuoti \u017eyg\u012f.<\/p>\n\n\n\n<hr class=\"wp-block-separator has-alpha-channel-opacity\"\/>\n\n\n\n<h3 class=\"wp-block-heading has-medium-font-size\">Laipsni\u0161kas atidarymo grafikas<\/h3>\n\n\n\n<p class=\"has-medium-font-size\">Kad b\u016bt\u0173 u\u017etikrintas saugumas ir technin\u0117s prie\u017ei\u016bros brigados gal\u0117t\u0173 u\u017ebaigti svarbiausius darbus, artimiausiu metu takas bus tvarkomas grie\u017etu savaitiniu grafiku:<\/p>\n\n\n\n<ul class=\"wp-block-list\">\n<li class=\"has-medium-font-size\"><strong>Atviras \u017eygiams (savaitgaliais):<\/strong> Visuomen\u0117 \u012f tak\u0105 gali patekti tik nuo penktadienio iki sekmadienio.<\/li>\n\n\n\n<li class=\"has-medium-font-size\"><strong>U\u017edaryta d\u0117l technin\u0117s prie\u017ei\u016bros (darbo dienomis):<\/strong> Nuo pirmadienio iki ketvirtadienio, kol virv\u0117mis besileid\u017eian\u010dios komandos ir statybininkai t\u0119s \u0161lait\u0173 stabilizavim\u0105, kelio remont\u0105 ir saugos barjer\u0173 \u012frengim\u0105, patekimas \u012f kaln\u0105 grie\u017etai draud\u017eiamas.<\/li>\n<\/ul>\n\n\n\n<h3 class=\"wp-block-heading\">Naujos svarbios taisykl\u0117s keliautojams p\u0117s\u010diomis<\/h3>\n\n\n\n<p class=\"has-medium-font-size\">Vyriausyb\u0117 \u012fgyvendino svarbius poky\u010dius, kuriais siekiama valdyti tak\u0173 pralaidum\u0105 ir u\u017etikrinti saugesn\u0119 patirt\u012f visiems. Dabar nebegalima tiesiog atvykti \u012f kaln\u0105 ir prad\u0117ti vaik\u0161\u010dioti!<\/p>\n\n\n\n<ul class=\"wp-block-list\">\n<li class=\"has-medium-font-size\"><strong>Privalomi skaitmeniniai leidimai:<\/strong> Visi keliautojai turi i\u0161 anksto rezervuoti tam tikr\u0105 30 minu\u010di\u0173 \u012f\u0117jimo laik\u0105. U\u017esakymai turi b\u016bti atliekami per oficiali\u0105 Madeiros <strong>SIMplifica<\/strong> portalas. Reind\u017eeriai grie\u017etai u\u017etikrina, kad \u0161i nuostata b\u016bt\u0173 vykdoma tikrinant skaitmeninius bilietus tako prieigose.<\/li>\n\n\n\n<li class=\"has-medium-font-size\"><strong>Naujas registracijos mokestis:<\/strong> P\u0117s\u010di\u0173j\u0173 \u017eygiai PR1 dabar kainuoja <strong>\u20ac10.50<\/strong> vienam asmeniui. Atkreipkite d\u0117mes\u012f, kad \u0161is auk\u0161\u010diausios klas\u0117s mar\u0161rutas ne\u012ftrauktas \u012f standartinius daugiadieni\u0173 \u017eygi\u0173 leidimus.<\/li>\n\n\n\n<li class=\"has-medium-font-size\"><strong>Tik \u012f vien\u0105 pus\u0119:<\/strong> Kad siaurais uol\u0173 \u0161lait\u0173 takeliais nesusidaryt\u0173 sp\u016bstys, dabar takas nuo Pico do Areeiro iki Pico Ruivo yra visi\u0161kai vienpusis. Vienintel\u0117 i\u0161imtis - trumpa pradin\u0117 1,2 km atkarpa iki Pedra Rija ap\u017evalgos aik\u0161tel\u0117s, kuri ir toliau lieka dvipus\u0117 tiems, kurie nori tik trumpai pasi\u017evalgyti.<\/li>\n<\/ul>\n\n\n\n<h3 class=\"wp-block-heading has-medium-font-size\">Kaip pasiruo\u0161ti \u017eygiui<\/h3>\n\n\n\n<ul class=\"wp-block-list\">\n<li class=\"has-medium-font-size\"><strong>U\u017esisakykite anks\u010diau:<\/strong> Tikimasi, kad laiko tarpsniai bus greitai i\u0161parduoti, ypa\u010d atsi\u017evelgiant \u012f tai, kad \u012f juos galima patekti tik tris dienas per savait\u0119. U\u017esisakykite \"SIMplifica\" leidim\u0105 prie\u0161 kelias savaites.<\/li>\n\n\n\n<li class=\"has-medium-font-size\"><strong>Kaip ten nuvykti:<\/strong> Norint anksti ryte \u012fveikti sta\u010dius kaln\u0173 kelius \u012f Pico do Areeiro, reikia patikimos transporto priemon\u0117s. Geriausia automobili\u0173 nuoma Madeiroje yra This is Madeira Island, kuri\u0105 i\u0161rinko t\u016bkstan\u010diai klient\u0173 socialin\u0117je \u017einiasklaidoje.<\/li>\n\n\n\n<li class=\"has-medium-font-size\"><strong>Planuokite gr\u012f\u017eim\u0105:<\/strong> Kadangi dabar takas yra \u012f vien\u0105 pus\u0119, \u017eyg\u012f baigsite Achada do Teixeira (per Pico Ruivo). Tur\u0117site i\u0161 anksto susitarti d\u0117l taksi arba perve\u017eimo paslaugos, kad gal\u0117tum\u0117te gr\u012f\u017eti \u012f Pico do Areeiro stov\u0117jimo aik\u0161tel\u0117je pastatyt\u0105 automobil\u012f.<\/li>\n<\/ul>\n\n\n\n<p class=\"has-medium-font-size\">PR1 statuso atk\u016brimas - did\u017eiulis Madeiros pasiekimas. Laikydamiesi nauj\u0173j\u0173 gairi\u0173, keliautojai v\u0117l gali saugiai m\u0117gautis \u012fsp\u016bdingiausiomis salos vir\u0161\u016bn\u0117mis.<\/p>\n\n\n\n<p><\/p>","protected":false},"featured_media":41757,"template":"","news_category":[],"class_list":["post-41859","news","type-news","status-publish","has-post-thumbnail","hentry"],"acf":[],"_links":{"self":[{"href":"https:\/\/thisismadeiraisland.com\/lt\/wp-json\/wp\/v2\/news\/41859","targetHints":{"allow":["GET"]}}],"collection":[{"href":"https:\/\/thisismadeiraisland.com\/lt\/wp-json\/wp\/v2\/news"}],"about":[{"href":"https:\/\/thisismadeiraisland.com\/lt\/wp-json\/wp\/v2\/types\/news"}],"wp:featuredmedia":[{"embeddable":true,"href":"https:\/\/thisismadeiraisland.com\/lt\/wp-json\/wp\/v2\/media\/41757"}],"wp:attachment":[{"href":"https:\/\/thisismadeiraisland.com\/lt\/wp-json\/wp\/v2\/media?parent=41859"}],"wp:term":[{"taxonomy":"news_category","embeddable":true,"href":"https:\/\/thisismadeiraisland.com\/lt\/wp-json\/wp\/v2\/news_category?post=41859"}],"curies":[{"name":"wp","href":"https:\/\/api.w.org\/{rel}","templated":true}]}}