{"id":41870,"date":"2026-04-28T15:41:30","date_gmt":"2026-04-28T15:41:30","guid":{"rendered":"https:\/\/thisismadeiraisland.com\/?post_type=news&#038;p=41870"},"modified":"2026-04-28T15:41:30","modified_gmt":"2026-04-28T15:41:30","slug":"ticket-sales-for-madeiras-most-famous-trail-open-soon-dont-miss-out","status":"publish","type":"news","link":"https:\/\/thisismadeiraisland.com\/lt\/news\/ticket-sales-for-madeiras-most-famous-trail-open-soon-dont-miss-out\/","title":{"rendered":"Prekyba bilietais \u012f garsiausi\u0105 Madeiros tak\u0105 prasideda jau netrukus (nepraleiskite progos!)"},"content":{"rendered":"<p class=\"has-medium-font-size\">Legendinis Madeiros Pico do Areeiro - Pico Ruivo takas (PR1 - Vereda do Areeiro) oficialiai sugr\u012f\u017eta po pusantr\u0173 met\u0173 pertraukos. Po niokojan\u010di\u0173 2024 m. rugpj\u016b\u010dio gaisr\u0173 \u017eygeiviai nekantriai lauk\u0117, kada tiksliai gal\u0117s u\u017esitikrinti savo viet\u0105.<\/p>\n\n\n\n<p class=\"has-medium-font-size\">Laukimas baig\u0117si: pradedama rezervuoti bilietus \u012f oficial\u0173 atidarym\u0105 gegu\u017e\u0117s 1 d. <strong>rytoj<\/strong> apie <em>Simplifica<\/em> portalas!<\/p>\n\n\n\n<p class=\"has-medium-font-size\">Prie\u0161 skub\u0117dami pirkti bilietus, su\u017einokite, kad yra keletas esmini\u0173 trasos veikimo pakeitim\u0173. \u0160tai k\u0105 turite \u017einoti.<\/p>\n\n\n\n<h3 class=\"wp-block-heading has-medium-font-size\">\ud83d\udea8 Naujosios tako taisykl\u0117s<\/h3>\n\n\n\n<ul class=\"wp-block-list\">\n<li class=\"has-medium-font-size\"><strong>Privalomi u\u017esakymai ir mokes\u010diai:<\/strong> Prieiga neb\u0117ra nemokama ar spontani\u0161ka. Biliet\u0105 reikia \u012fsigyti i\u0161 anksto internetu ir sumok\u0117ti mokest\u012f. <strong>\u20ac10.50<\/strong>.<\/li>\n\n\n\n<li class=\"has-medium-font-size\"><strong>Tik vienpusis eismas:<\/strong> \u0160iuo mar\u0161rutu nebegalima keliauti \u012f abi puses. Dabar visas takas yra tik viena kryptimi - nuo Areeiro iki Ruivo.<\/li>\n\n\n\n<li class=\"has-medium-font-size\"><strong>Prieiga tik savaitgal\u012f (kol kas):<\/strong> Kadangi gegu\u017e\u0117s m\u0117nes\u012f vis dar aktyviai vykdomas platus 602 000 eur\u0173 vert\u0117s gerinimo projektas, visas takas biliet\u0173 tur\u0117tojams bus atviras tik <strong>Penktadieniais, \u0161e\u0161tadieniais ir sekmadieniais<\/strong>.<\/li>\n<\/ul>\n\n\n\n<h3 class=\"wp-block-heading has-medium-font-size\">\ud83d\udccd Mar\u0161rut\u0173 logistika ir transporto dilema<\/h3>\n\n\n\n<ul class=\"wp-block-list has-medium-font-size\">\n<li><strong>Kontrolinis punktas:<\/strong> Vald\u017eios institucijos grie\u017etai u\u017etikrins nauj\u0173 taisykli\u0173 laikym\u0105si, o kontrol\u0117s punktas, esantis adresu <strong>Pedra Rija<\/strong>. Jei norite trumpesnio \u017eygio, iki \u0161io kontrolinio punkto takas i\u0161lieka dvipusis.<\/li>\n\n\n\n<li><strong>Gr\u012f\u017eimas atgal yra j\u016bs\u0173 problema:<\/strong> Kadangi galima \u017eygiuoti tik \u012f vien\u0105 pus\u0119, gr\u012f\u017eti \u012f pradin\u012f ta\u0161k\u0105 Pico do Areeiro \u0161iuo metu yra didel\u0117 logistin\u0117 kli\u016btis. Susisiekimas keliais yra ribotas, tod\u0117l regiono turizmo sekretorius ragina priva\u010dius tour operatorius ir vietines \u012fmones imtis priemoni\u0173 ir teikti gr\u012f\u017eimo paslaugas. Jei planuojate \u012fveikti mar\u0161rut\u0105 savaranki\u0161kai, turite i\u0161 anksto pasir\u016bpinti gr\u012f\u017eimo transportu!<\/li>\n<\/ul>\n\n\n\n<p><\/p>","protected":false},"featured_media":41757,"template":"","news_category":[],"class_list":["post-41870","news","type-news","status-publish","has-post-thumbnail","hentry"],"acf":[],"_links":{"self":[{"href":"https:\/\/thisismadeiraisland.com\/lt\/wp-json\/wp\/v2\/news\/41870","targetHints":{"allow":["GET"]}}],"collection":[{"href":"https:\/\/thisismadeiraisland.com\/lt\/wp-json\/wp\/v2\/news"}],"about":[{"href":"https:\/\/thisismadeiraisland.com\/lt\/wp-json\/wp\/v2\/types\/news"}],"wp:featuredmedia":[{"embeddable":true,"href":"https:\/\/thisismadeiraisland.com\/lt\/wp-json\/wp\/v2\/media\/41757"}],"wp:attachment":[{"href":"https:\/\/thisismadeiraisland.com\/lt\/wp-json\/wp\/v2\/media?parent=41870"}],"wp:term":[{"taxonomy":"news_category","embeddable":true,"href":"https:\/\/thisismadeiraisland.com\/lt\/wp-json\/wp\/v2\/news_category?post=41870"}],"curies":[{"name":"wp","href":"https:\/\/api.w.org\/{rel}","templated":true}]}}