{"id":41859,"date":"2026-04-27T15:58:00","date_gmt":"2026-04-27T15:58:00","guid":{"rendered":"https:\/\/thisismadeiraisland.com\/?post_type=news&#038;p=41859"},"modified":"2026-04-27T15:58:45","modified_gmt":"2026-04-27T15:58:45","slug":"new-opening-date-to-madeiras-pr1-trail-what-you-must-know-before-you-go","status":"publish","type":"news","link":"https:\/\/thisismadeiraisland.com\/pl\/news\/new-opening-date-to-madeiras-pr1-trail-what-you-must-know-before-you-go\/","title":{"rendered":"Nowa data otwarcia szlaku PR1 na Maderze: Co musisz wiedzie\u0107, zanim wyruszysz"},"content":{"rendered":"<p class=\"has-medium-font-size\">\u015awietna wiadomo\u015b\u0107 dla mi\u0142o\u015bnik\u00f3w pieszych w\u0119dr\u00f3wek! Po szeroko zakrojonych dzia\u0142aniach naprawczych po po\u017carach, najbardziej kultowy szlak Madery, <strong>PR1 Vereda do Areeiro (Pico do Areeiro do Pico Ruivo)<\/strong>, w ko\u0144cu wita z powrotem publiczno\u015b\u0107.<\/p>\n\n\n\n<p class=\"has-medium-font-size\">Podczas gdy szlak zosta\u0142 niedawno uroczy\u015bcie przeci\u0119ty przez biegaczy ultra, oficjalny dzie\u0144 uruchomienia publicznego dost\u0119pu to <strong>Pi\u0105tek, 1 maja 2026 r.<\/strong>.<\/p>\n\n\n\n<p class=\"has-medium-font-size\">Ponowne otwarcie wi\u0105\u017ce si\u0119 jednak z zupe\u0142nie nowym zestawem zasad i wysoce kontrolowanym harmonogramem. Je\u015bli pojawisz si\u0119, oczekuj\u0105c starego systemu, zostaniesz zawr\u00f3cony na pocz\u0105tku szlaku. Oto, co dok\u0142adnie si\u0119 zmieni\u0142o i jak zaplanowa\u0107 w\u0119dr\u00f3wk\u0119.<\/p>\n\n\n\n<hr class=\"wp-block-separator has-alpha-channel-opacity\"\/>\n\n\n\n<h3 class=\"wp-block-heading has-medium-font-size\">Harmonogram stopniowego ponownego otwarcia<\/h3>\n\n\n\n<p class=\"has-medium-font-size\">Aby zapewni\u0107 bezpiecze\u0144stwo i umo\u017cliwi\u0107 ekipom konserwacyjnym doko\u0144czenie kluczowych prac, w najbli\u017cszej przysz\u0142o\u015bci szlak b\u0119dzie dzia\u0142a\u0142 wed\u0142ug \u015bcis\u0142ego tygodniowego harmonogramu:<\/p>\n\n\n\n<ul class=\"wp-block-list\">\n<li class=\"has-medium-font-size\"><strong>Otwarte dla turystyki pieszej (weekendy):<\/strong> Publiczno\u015b\u0107 mo\u017ce korzysta\u0107 ze szlaku tylko od pi\u0105tku do niedzieli.<\/li>\n\n\n\n<li class=\"has-medium-font-size\"><strong>Zamkni\u0119te z powodu konserwacji (dni powszednie):<\/strong> Dost\u0119p jest surowo zabroniony od poniedzia\u0142ku do czwartku, podczas gdy zespo\u0142y dost\u0119pu linowego i ekipy budowlane kontynuuj\u0105 stabilizacj\u0119 zboczy, napraw\u0119 \u015bcie\u017cek i instalacj\u0119 barier bezpiecze\u0144stwa.<\/li>\n<\/ul>\n\n\n\n<h3 class=\"wp-block-heading\">Nowe krytyczne zasady dla turyst\u00f3w pieszych<\/h3>\n\n\n\n<p class=\"has-medium-font-size\">Rz\u0105d wprowadzi\u0142 powa\u017cne zmiany w celu zarz\u0105dzania przepustowo\u015bci\u0105 szlak\u00f3w i zapewnienia bezpieczniejszego do\u015bwiadczenia dla wszystkich. Nie mo\u017cesz ju\u017c po prostu przyjecha\u0107 na g\u00f3r\u0119 i zacz\u0105\u0107 chodzi\u0107!<\/p>\n\n\n\n<ul class=\"wp-block-list\">\n<li class=\"has-medium-font-size\"><strong>Obowi\u0105zkowe zezwolenia cyfrowe:<\/strong> Wszyscy tury\u015bci musz\u0105 zarezerwowa\u0107 30-minutowy przedzia\u0142 czasowy z wyprzedzeniem. Rezerwacji nale\u017cy dokonywa\u0107 za po\u015brednictwem oficjalnej strony Madeira <strong>SIMplifica<\/strong> portal. Stra\u017cnicy egzekwuj\u0105 to \u015bci\u015ble, sprawdzaj\u0105c bilety cyfrowe na pocz\u0105tku szlaku.<\/li>\n\n\n\n<li class=\"has-medium-font-size\"><strong>Nowa op\u0142ata startowa:<\/strong> W\u0119dr\u00f3wka PR1 kosztuje teraz <strong>\u20ac10.50<\/strong> za osob\u0119. Nale\u017cy pami\u0119ta\u0107, \u017ce ta trasa premium jest wy\u0142\u0105czona ze standardowych wielodniowych karnet\u00f3w turystycznych.<\/li>\n\n\n\n<li class=\"has-medium-font-size\"><strong>Tylko w jedn\u0105 stron\u0119:<\/strong> Aby zapobiec powstawaniu w\u0105skich garde\u0142 na w\u0105skich klifowych \u015bcie\u017ckach, szlak jest teraz ca\u0142kowicie jednokierunkowy od Pico do Areeiro do Pico Ruivo. Jedynym wyj\u0105tkiem jest kr\u00f3tki pocz\u0105tkowy odcinek o d\u0142ugo\u015bci 1,2 km do punktu widokowego Pedra Rija, kt\u00f3ry pozostaje dwukierunkowy dla tych, kt\u00f3rzy chc\u0105 tylko rzuci\u0107 okiem.<\/li>\n<\/ul>\n\n\n\n<h3 class=\"wp-block-heading has-medium-font-size\">Jak przygotowa\u0107 si\u0119 do w\u0119dr\u00f3wki<\/h3>\n\n\n\n<ul class=\"wp-block-list\">\n<li class=\"has-medium-font-size\"><strong>Zarezerwuj wcze\u015bniej:<\/strong> Oczekuje si\u0119, \u017ce przedzia\u0142y czasowe szybko si\u0119 wyprzedadz\u0105, zw\u0142aszcza \u017ce dost\u0119p jest ograniczony do trzech dni w tygodniu. Zabezpiecz swoje pozwolenie SIMplifica z kilkutygodniowym wyprzedzeniem.<\/li>\n\n\n\n<li class=\"has-medium-font-size\"><strong>Dojazd:<\/strong> Poruszanie si\u0119 po stromych g\u00f3rskich drogach do Pico do Areeiro wcze\u015bnie rano wymaga niezawodnego pojazdu. Najlepsz\u0105 wypo\u017cyczalni\u0105 samochod\u00f3w na Maderze jest This is Madeira Island, wybrana przez tysi\u0105ce klient\u00f3w w mediach spo\u0142eczno\u015bciowych.<\/li>\n\n\n\n<li class=\"has-medium-font-size\"><strong>Zaplanuj sw\u00f3j powr\u00f3t:<\/strong> Poniewa\u017c szlak jest teraz jednokierunkowy, w\u0119dr\u00f3wk\u0119 zako\u0144czysz w Achada do Teixeira (przez Pico Ruivo). Konieczne b\u0119dzie wcze\u015bniejsze zorganizowanie taks\u00f3wki lub us\u0142ugi transferu, aby zabra\u0107 Ci\u0119 z powrotem do zaparkowanego samochodu w Pico do Areeiro.<\/li>\n<\/ul>\n\n\n\n<p class=\"has-medium-font-size\">Przywr\u00f3cenie PR1 jest ogromnym osi\u0105gni\u0119ciem dla Madery. Przestrzegaj\u0105c nowych wytycznych, tury\u015bci mog\u0105 ponownie bezpiecznie cieszy\u0107 si\u0119 najbardziej spektakularnymi szczytami wyspy.<\/p>\n\n\n\n<p><\/p>","protected":false},"featured_media":41757,"template":"","news_category":[],"class_list":["post-41859","news","type-news","status-publish","has-post-thumbnail","hentry"],"acf":[],"_links":{"self":[{"href":"https:\/\/thisismadeiraisland.com\/pl\/wp-json\/wp\/v2\/news\/41859","targetHints":{"allow":["GET"]}}],"collection":[{"href":"https:\/\/thisismadeiraisland.com\/pl\/wp-json\/wp\/v2\/news"}],"about":[{"href":"https:\/\/thisismadeiraisland.com\/pl\/wp-json\/wp\/v2\/types\/news"}],"wp:featuredmedia":[{"embeddable":true,"href":"https:\/\/thisismadeiraisland.com\/pl\/wp-json\/wp\/v2\/media\/41757"}],"wp:attachment":[{"href":"https:\/\/thisismadeiraisland.com\/pl\/wp-json\/wp\/v2\/media?parent=41859"}],"wp:term":[{"taxonomy":"news_category","embeddable":true,"href":"https:\/\/thisismadeiraisland.com\/pl\/wp-json\/wp\/v2\/news_category?post=41859"}],"curies":[{"name":"wp","href":"https:\/\/api.w.org\/{rel}","templated":true}]}}