{"id":41870,"date":"2026-04-28T15:41:30","date_gmt":"2026-04-28T15:41:30","guid":{"rendered":"https:\/\/thisismadeiraisland.com\/?post_type=news&#038;p=41870"},"modified":"2026-04-28T15:41:30","modified_gmt":"2026-04-28T15:41:30","slug":"ticket-sales-for-madeiras-most-famous-trail-open-soon-dont-miss-out","status":"publish","type":"news","link":"https:\/\/thisismadeiraisland.com\/pl\/news\/ticket-sales-for-madeiras-most-famous-trail-open-soon-dont-miss-out\/","title":{"rendered":"Sprzeda\u017c bilet\u00f3w na najs\u0142ynniejszy szlak Madery rozpocznie si\u0119 wkr\u00f3tce (nie przegap!)"},"content":{"rendered":"<p class=\"has-medium-font-size\">Legendarny szlak Madery z Pico do Areeiro do Pico Ruivo (PR1 - Vereda do Areeiro) oficjalnie powraca po p\u00f3\u0142torarocznym zamkni\u0119ciu. Po niszczycielskich po\u017carach z sierpnia 2024 r. tury\u015bci z niecierpliwo\u015bci\u0105 czekali, aby dowiedzie\u0107 si\u0119, kiedy dok\u0142adnie b\u0119d\u0105 mogli zabezpieczy\u0107 swoje miejsce.<\/p>\n\n\n\n<p class=\"has-medium-font-size\">Oczekiwanie dobieg\u0142o ko\u0144ca: rozpoczynaj\u0105 si\u0119 rezerwacje bilet\u00f3w na oficjalne ponowne otwarcie 1 maja <strong>jutro<\/strong> na <em>Simplifica<\/em> portal!<\/p>\n\n\n\n<p class=\"has-medium-font-size\">Zanim pospieszysz si\u0119 z zakupem bilet\u00f3w, wprowadzono kilka ogromnych zmian w sposobie dzia\u0142ania szlaku. Oto, co dok\u0142adnie musisz wiedzie\u0107.<\/p>\n\n\n\n<h3 class=\"wp-block-heading has-medium-font-size\">\ud83d\udea8 Nowe zasady na szlaku<\/h3>\n\n\n\n<ul class=\"wp-block-list\">\n<li class=\"has-medium-font-size\"><strong>Obowi\u0105zkowe rezerwacje i op\u0142aty:<\/strong> Dost\u0119p nie jest ju\u017c bezp\u0142atny ani spontaniczny. Musisz kupi\u0107 bilet z wyprzedzeniem online i ui\u015bci\u0107 op\u0142at\u0119 w wysoko\u015bci <strong>\u20ac10.50<\/strong>.<\/li>\n\n\n\n<li class=\"has-medium-font-size\"><strong>Tylko ruch jednokierunkowy:<\/strong> Nie mo\u017cna ju\u017c w\u0119drowa\u0107 t\u0105 tras\u0105 w obie strony. Ca\u0142y szlak prowadzi teraz wy\u0142\u0105cznie w jednym kierunku, z Areeiro do Ruivo.<\/li>\n\n\n\n<li class=\"has-medium-font-size\"><strong>Dost\u0119p tylko w weekendy (na razie):<\/strong> Ze wzgl\u0119du na trwaj\u0105cy przez ca\u0142y maj szeroko zakrojony projekt ulepsze\u0144 o warto\u015bci 602 000 euro, pe\u0142ny szlak b\u0119dzie dost\u0119pny dla posiadaczy bilet\u00f3w tylko w maju. <strong>Pi\u0105tki, soboty i niedziele<\/strong>.<\/li>\n<\/ul>\n\n\n\n<h3 class=\"wp-block-heading has-medium-font-size\">Logistyka tras i dylemat transportu<\/h3>\n\n\n\n<ul class=\"wp-block-list has-medium-font-size\">\n<li><strong>Punkt kontrolny:<\/strong> W\u0142adze b\u0119d\u0105 \u015bci\u015ble egzekwowa\u0107 nowe zasady w punkcie kontrolnym znajduj\u0105cym si\u0119 pod adresem <strong>Pedra Rija<\/strong>. Je\u015bli szukasz kr\u00f3tszej w\u0119dr\u00f3wki, szlak pozostaje dwukierunkowy a\u017c do tego konkretnego punktu kontrolnego.<\/li>\n\n\n\n<li><strong>Powr\u00f3t jest twoim problemem:<\/strong> Poniewa\u017c mo\u017cna w\u0119drowa\u0107 tylko w jedn\u0105 stron\u0119, powr\u00f3t do punktu wyj\u015bcia w Pico do Areeiro jest obecnie powa\u017cn\u0105 przeszkod\u0105 logistyczn\u0105. Po\u0142\u0105czenia drogowe s\u0105 ograniczone, a Regionalny Sekretarz Turystyki zach\u0119ca prywatnych operator\u00f3w tour i lokalne firmy do zapewnienia transportu powrotnego. Je\u015bli planujesz pokona\u0107 szlak samodzielnie, b\u0119dziesz musia\u0142 zaplanowa\u0107 transport powrotny z du\u017cym wyprzedzeniem!<\/li>\n<\/ul>\n\n\n\n<p><\/p>","protected":false},"featured_media":41757,"template":"","news_category":[],"class_list":["post-41870","news","type-news","status-publish","has-post-thumbnail","hentry"],"acf":[],"_links":{"self":[{"href":"https:\/\/thisismadeiraisland.com\/pl\/wp-json\/wp\/v2\/news\/41870","targetHints":{"allow":["GET"]}}],"collection":[{"href":"https:\/\/thisismadeiraisland.com\/pl\/wp-json\/wp\/v2\/news"}],"about":[{"href":"https:\/\/thisismadeiraisland.com\/pl\/wp-json\/wp\/v2\/types\/news"}],"wp:featuredmedia":[{"embeddable":true,"href":"https:\/\/thisismadeiraisland.com\/pl\/wp-json\/wp\/v2\/media\/41757"}],"wp:attachment":[{"href":"https:\/\/thisismadeiraisland.com\/pl\/wp-json\/wp\/v2\/media?parent=41870"}],"wp:term":[{"taxonomy":"news_category","embeddable":true,"href":"https:\/\/thisismadeiraisland.com\/pl\/wp-json\/wp\/v2\/news_category?post=41870"}],"curies":[{"name":"wp","href":"https:\/\/api.w.org\/{rel}","templated":true}]}}