{"id":41859,"date":"2026-04-27T15:58:00","date_gmt":"2026-04-27T15:58:00","guid":{"rendered":"https:\/\/thisismadeiraisland.com\/?post_type=news&#038;p=41859"},"modified":"2026-04-27T15:58:45","modified_gmt":"2026-04-27T15:58:45","slug":"new-opening-date-to-madeiras-pr1-trail-what-you-must-know-before-you-go","status":"publish","type":"news","link":"https:\/\/thisismadeiraisland.com\/pt\/news\/new-opening-date-to-madeiras-pr1-trail-what-you-must-know-before-you-go\/","title":{"rendered":"Nova data de abertura do trilho PR1 da Madeira: O que deve saber antes de ir"},"content":{"rendered":"<p class=\"has-medium-font-size\">\u00d3ptimas not\u00edcias para os entusiastas das caminhadas! Depois de extensos esfor\u00e7os de recupera\u00e7\u00e3o ap\u00f3s os inc\u00eandios florestais, o trilho mais emblem\u00e1tico da Madeira, <strong>PR1 Vereda do Areeiro (Pico do Areeiro a Pico Ruivo)<\/strong>, A Comiss\u00e3o Europeia, por seu lado, est\u00e1 finalmente a receber o p\u00fablico de volta.<\/p>\n\n\n\n<p class=\"has-medium-font-size\">Embora o trilho tenha sido recentemente atravessado por corredores de ultra-salto, o dia oficial de lan\u00e7amento do acesso p\u00fablico \u00e9 <strong>Sexta-feira, 1 de maio de 2026<\/strong>.<\/p>\n\n\n\n<p class=\"has-medium-font-size\">No entanto, a reabertura vem com um conjunto de regras completamente novo e um hor\u00e1rio altamente controlado. Se aparecer \u00e0 espera do sistema antigo, ser\u00e1 rejeitado no in\u00edcio do trilho. Aqui est\u00e1 exatamente o que mudou e como planear a sua caminhada.<\/p>\n\n\n\n<hr class=\"wp-block-separator has-alpha-channel-opacity\"\/>\n\n\n\n<h3 class=\"wp-block-heading has-medium-font-size\">O calend\u00e1rio de reabertura por fases<\/h3>\n\n\n\n<p class=\"has-medium-font-size\">Para garantir a seguran\u00e7a e permitir que as equipas de manuten\u00e7\u00e3o terminem o seu trabalho crucial, o trilho est\u00e1 a funcionar com um hor\u00e1rio semanal rigoroso no futuro imediato:<\/p>\n\n\n\n<ul class=\"wp-block-list\">\n<li class=\"has-medium-font-size\"><strong>Aberto para caminhadas (fins-de-semana):<\/strong> O p\u00fablico s\u00f3 pode aceder ao trilho de sexta a domingo.<\/li>\n\n\n\n<li class=\"has-medium-font-size\"><strong>Fechado para manuten\u00e7\u00e3o (dias \u00fateis):<\/strong> O acesso \u00e9 estritamente proibido de segunda a quinta-feira, enquanto as equipas de acesso por corda e as equipas de constru\u00e7\u00e3o continuam a estabiliza\u00e7\u00e3o dos taludes, a repara\u00e7\u00e3o dos caminhos e a instala\u00e7\u00e3o de barreiras de seguran\u00e7a.<\/li>\n<\/ul>\n\n\n\n<h3 class=\"wp-block-heading\">Novas regras cr\u00edticas para os caminhantes<\/h3>\n\n\n\n<p class=\"has-medium-font-size\">O governo implementou grandes mudan\u00e7as para gerir a capacidade dos trilhos e garantir uma experi\u00eancia mais segura para todos. J\u00e1 n\u00e3o se pode simplesmente chegar \u00e0 montanha e come\u00e7ar a caminhar!<\/p>\n\n\n\n<ul class=\"wp-block-list\">\n<li class=\"has-medium-font-size\"><strong>Autoriza\u00e7\u00f5es digitais obrigat\u00f3rias:<\/strong> Todos os caminhantes devem reservar com anteced\u00eancia um hor\u00e1rio espec\u00edfico de entrada de 30 minutos. As reservas devem ser efectuadas atrav\u00e9s do site oficial da Madeira <strong>SIMplifica<\/strong> portal. Os guardas-florestais aplicam esta regra rigorosamente, verificando os bilhetes digitais no in\u00edcio do trilho.<\/li>\n\n\n\n<li class=\"has-medium-font-size\"><strong>Nova taxa de inscri\u00e7\u00e3o:<\/strong> A subida da PR1 custa agora <strong>\u20ac10.50<\/strong> por pessoa. Note-se que este itiner\u00e1rio premium est\u00e1 exclu\u00eddo dos passes normais para caminhadas de v\u00e1rios dias.<\/li>\n\n\n\n<li class=\"has-medium-font-size\"><strong>Estritamente unidirecional:<\/strong> Para evitar engarrafamentos nos caminhos estreitos das fal\u00e9sias, o trilho \u00e9 agora totalmente unidirecional do Pico do Areeiro ao Pico Ruivo. A \u00fanica exce\u00e7\u00e3o \u00e9 o pequeno tro\u00e7o inicial de 1,2 km at\u00e9 ao miradouro da Pedra Rija, que continua a ser de dois sentidos para quem quiser apenas dar uma vista de olhos r\u00e1pida.<\/li>\n<\/ul>\n\n\n\n<h3 class=\"wp-block-heading has-medium-font-size\">Como se preparar para a caminhada<\/h3>\n\n\n\n<ul class=\"wp-block-list\">\n<li class=\"has-medium-font-size\"><strong>Reservar com anteced\u00eancia:<\/strong> Prev\u00ea-se que as vagas se esgotem rapidamente, especialmente porque o acesso \u00e9 limitado a tr\u00eas dias por semana. Garanta a sua autoriza\u00e7\u00e3o SIMplifica com semanas de anteced\u00eancia.<\/li>\n\n\n\n<li class=\"has-medium-font-size\"><strong>Como l\u00e1 chegar:<\/strong> Navegar pelas estradas \u00edngremes da montanha at\u00e9 ao Pico do Areeiro de manh\u00e3 cedo requer um ve\u00edculo fi\u00e1vel. O melhor aluguer de carros na Madeira \u00e9 o This is Madeira Island, escolhido por milhares de clientes nas redes sociais.<\/li>\n\n\n\n<li class=\"has-medium-font-size\"><strong>Planeie o seu regresso:<\/strong> Uma vez que o trilho \u00e9 agora de sentido \u00fanico, terminar\u00e1 a caminhada na Achada do Teixeira (via Pico Ruivo). \u00c9 necess\u00e1rio arranjar um t\u00e1xi ou um servi\u00e7o de transfer com anteced\u00eancia para o levar de volta ao carro estacionado no Pico do Areeiro.<\/li>\n<\/ul>\n\n\n\n<p class=\"has-medium-font-size\">A recupera\u00e7\u00e3o do PR1 \u00e9 um grande feito para a Madeira. Respeitando as novas orienta\u00e7\u00f5es, os caminhantes podem voltar a desfrutar em seguran\u00e7a dos picos mais espectaculares da ilha.<\/p>\n\n\n\n<p><\/p>","protected":false},"featured_media":41757,"template":"","news_category":[],"class_list":["post-41859","news","type-news","status-publish","has-post-thumbnail","hentry"],"acf":[],"_links":{"self":[{"href":"https:\/\/thisismadeiraisland.com\/pt\/wp-json\/wp\/v2\/news\/41859","targetHints":{"allow":["GET"]}}],"collection":[{"href":"https:\/\/thisismadeiraisland.com\/pt\/wp-json\/wp\/v2\/news"}],"about":[{"href":"https:\/\/thisismadeiraisland.com\/pt\/wp-json\/wp\/v2\/types\/news"}],"wp:featuredmedia":[{"embeddable":true,"href":"https:\/\/thisismadeiraisland.com\/pt\/wp-json\/wp\/v2\/media\/41757"}],"wp:attachment":[{"href":"https:\/\/thisismadeiraisland.com\/pt\/wp-json\/wp\/v2\/media?parent=41859"}],"wp:term":[{"taxonomy":"news_category","embeddable":true,"href":"https:\/\/thisismadeiraisland.com\/pt\/wp-json\/wp\/v2\/news_category?post=41859"}],"curies":[{"name":"wp","href":"https:\/\/api.w.org\/{rel}","templated":true}]}}