{"id":41870,"date":"2026-04-28T15:41:30","date_gmt":"2026-04-28T15:41:30","guid":{"rendered":"https:\/\/thisismadeiraisland.com\/?post_type=news&#038;p=41870"},"modified":"2026-04-28T15:41:30","modified_gmt":"2026-04-28T15:41:30","slug":"ticket-sales-for-madeiras-most-famous-trail-open-soon-dont-miss-out","status":"publish","type":"news","link":"https:\/\/thisismadeiraisland.com\/pt\/news\/ticket-sales-for-madeiras-most-famous-trail-open-soon-dont-miss-out\/","title":{"rendered":"Venda de bilhetes para o trilho mais famoso da Madeira abre em breve (n\u00e3o perca!)"},"content":{"rendered":"<p class=\"has-medium-font-size\">O lend\u00e1rio trilho do Pico do Areeiro ao Pico Ruivo (PR1 - Vereda do Areeiro) est\u00e1 oficialmente a fazer o seu t\u00e3o esperado regresso depois de ter estado fechado durante um ano e meio. Ap\u00f3s os devastadores inc\u00eandios florestais de agosto de 2024, os caminhantes t\u00eam esperado ansiosamente para saber exatamente quando podem garantir o seu lugar.<\/p>\n\n\n\n<p class=\"has-medium-font-size\">A espera acabou: come\u00e7am as reservas para comprar os seus bilhetes para a reabertura oficial a 1 de maio <strong>amanh\u00e3<\/strong> no <em>Simplifica<\/em> portal!<\/p>\n\n\n\n<p class=\"has-medium-font-size\">Antes de se apressar a comprar os seus bilhetes, h\u00e1 v\u00e1rias altera\u00e7\u00f5es significativas no funcionamento do trilho. Eis exatamente o que precisa de saber.<\/p>\n\n\n\n<h3 class=\"wp-block-heading has-medium-font-size\">\ud83d\udea8 As Novas Regras do Trilho<\/h3>\n\n\n\n<ul class=\"wp-block-list\">\n<li class=\"has-medium-font-size\"><strong>Reservas obrigat\u00f3rias e taxas:<\/strong> O acesso deixou de ser gratuito ou espont\u00e2neo. \u00c9 necess\u00e1rio comprar antecipadamente o seu bilhete em linha e pagar uma taxa de <strong>\u20ac10.50<\/strong>.<\/li>\n\n\n\n<li class=\"has-medium-font-size\"><strong>Tr\u00e1fego apenas num sentido:<\/strong> J\u00e1 n\u00e3o \u00e9 poss\u00edvel fazer este percurso de ida e volta. O percurso completo \u00e9 agora estritamente num s\u00f3 sentido, indo do Areeiro ao Ruivo.<\/li>\n\n\n\n<li class=\"has-medium-font-size\"><strong>Acesso apenas no fim de semana (por enquanto):<\/strong> Dado que um extenso projeto de melhoria de 602 000 euros ainda est\u00e1 em curso durante o m\u00eas de maio, o percurso completo s\u00f3 estar\u00e1 aberto aos portadores de bilhetes em <strong>Sextas-feiras, s\u00e1bados e domingos<\/strong>.<\/li>\n<\/ul>\n\n\n\n<h3 class=\"wp-block-heading has-medium-font-size\">\ud83d\udccd Log\u00edstica das rotas e o dilema do transporte<\/h3>\n\n\n\n<ul class=\"wp-block-list has-medium-font-size\">\n<li><strong>O ponto de controlo:<\/strong> As autoridades aplicar\u00e3o rigorosamente as novas regras com um ponto de controlo situado em <strong>Pedra Rija<\/strong>. Se procura uma caminhada mais curta, o trilho continua a ser de dois sentidos at\u00e9 este ponto de controlo espec\u00edfico.<\/li>\n\n\n\n<li><strong>Voltar \u00e9 problema seu:<\/strong> Uma vez que s\u00f3 se pode caminhar num sentido, o regresso ao ponto de partida no Pico do Areeiro \u00e9 atualmente um grande obst\u00e1culo log\u00edstico. As liga\u00e7\u00f5es rodovi\u00e1rias s\u00e3o limitadas e a Secretaria Regional do Turismo est\u00e1 a apelar aos operadores privados do tour e ao com\u00e9rcio local para que disponibilizem transporte de regresso. Se pretende fazer o percurso de forma aut\u00f3noma, ter\u00e1 de planear o seu transporte de regresso com bastante anteced\u00eancia!<\/li>\n<\/ul>\n\n\n\n<p><\/p>","protected":false},"featured_media":41757,"template":"","news_category":[],"class_list":["post-41870","news","type-news","status-publish","has-post-thumbnail","hentry"],"acf":[],"_links":{"self":[{"href":"https:\/\/thisismadeiraisland.com\/pt\/wp-json\/wp\/v2\/news\/41870","targetHints":{"allow":["GET"]}}],"collection":[{"href":"https:\/\/thisismadeiraisland.com\/pt\/wp-json\/wp\/v2\/news"}],"about":[{"href":"https:\/\/thisismadeiraisland.com\/pt\/wp-json\/wp\/v2\/types\/news"}],"wp:featuredmedia":[{"embeddable":true,"href":"https:\/\/thisismadeiraisland.com\/pt\/wp-json\/wp\/v2\/media\/41757"}],"wp:attachment":[{"href":"https:\/\/thisismadeiraisland.com\/pt\/wp-json\/wp\/v2\/media?parent=41870"}],"wp:term":[{"taxonomy":"news_category","embeddable":true,"href":"https:\/\/thisismadeiraisland.com\/pt\/wp-json\/wp\/v2\/news_category?post=41870"}],"curies":[{"name":"wp","href":"https:\/\/api.w.org\/{rel}","templated":true}]}}