{"id":41859,"date":"2026-04-27T15:58:00","date_gmt":"2026-04-27T15:58:00","guid":{"rendered":"https:\/\/thisismadeiraisland.com\/?post_type=news&#038;p=41859"},"modified":"2026-04-27T15:58:45","modified_gmt":"2026-04-27T15:58:45","slug":"new-opening-date-to-madeiras-pr1-trail-what-you-must-know-before-you-go","status":"publish","type":"news","link":"https:\/\/thisismadeiraisland.com\/sv\/news\/new-opening-date-to-madeiras-pr1-trail-what-you-must-know-before-you-go\/","title":{"rendered":"Nytt \u00f6ppningsdatum f\u00f6r PR1-leden p\u00e5 Madeira Vad du m\u00e5ste veta innan du \u00e5ker"},"content":{"rendered":"<p class=\"has-medium-font-size\">Goda nyheter f\u00f6r vandringsentusiaster! Efter omfattande \u00e5terh\u00e4mtningsinsatser efter skogsbr\u00e4nderna har Madeiras mest ikoniska led, <strong>PR1 Vereda do Areeiro (Pico do Areeiro till Pico Ruivo)<\/strong>, v\u00e4lkomnar \u00e4ntligen allm\u00e4nheten tillbaka.<\/p>\n\n\n\n<p class=\"has-medium-font-size\">Leden korsades nyligen av ultral\u00f6pare under ceremoniella former, men den officiella lanseringsdagen f\u00f6r allm\u00e4n tillg\u00e5ng \u00e4r <strong>Fredagen den 1 maj 2026<\/strong>.<\/p>\n\n\n\n<p class=\"has-medium-font-size\">\u00c5ter\u00f6ppningen kommer dock med en helt ny upps\u00e4ttning regler och ett mycket kontrollerat schema. Om du dyker upp och f\u00f6rv\u00e4ntar dig det gamla systemet kommer du att avvisas vid ledens b\u00f6rjan. H\u00e4r \u00e4r exakt vad som har \u00e4ndrats och hur du ska planera din vandring.<\/p>\n\n\n\n<hr class=\"wp-block-separator has-alpha-channel-opacity\"\/>\n\n\n\n<h3 class=\"wp-block-heading has-medium-font-size\">Schema f\u00f6r stegvis \u00e5ter\u00f6ppnande<\/h3>\n\n\n\n<p class=\"has-medium-font-size\">F\u00f6r att garantera s\u00e4kerheten och g\u00f6ra det m\u00f6jligt f\u00f6r underh\u00e5llspersonalen att avsluta sitt viktiga arbete kommer leden att trafikeras enligt ett strikt veckoschema under den n\u00e4rmaste tiden:<\/p>\n\n\n\n<ul class=\"wp-block-list\">\n<li class=\"has-medium-font-size\"><strong>\u00d6ppet f\u00f6r vandring (helger):<\/strong> Allm\u00e4nheten har endast tillg\u00e5ng till leden fr\u00e5n fredag till s\u00f6ndag.<\/li>\n\n\n\n<li class=\"has-medium-font-size\"><strong>St\u00e4ngt f\u00f6r underh\u00e5ll (vardagar):<\/strong> Tilltr\u00e4de \u00e4r strikt f\u00f6rbjudet fr\u00e5n m\u00e5ndag till torsdag medan rep- och byggnadsarbetare forts\u00e4tter att stabilisera sluttningar, reparera stigar och installera s\u00e4kerhetsbarri\u00e4rer.<\/li>\n<\/ul>\n\n\n\n<h3 class=\"wp-block-heading\">Nya kritiska regler f\u00f6r vandrare<\/h3>\n\n\n\n<p class=\"has-medium-font-size\">Regeringen har genomf\u00f6rt stora f\u00f6r\u00e4ndringar f\u00f6r att hantera sp\u00e5rkapaciteten och s\u00e4kerst\u00e4lla en s\u00e4krare upplevelse f\u00f6r alla. Du kan inte l\u00e4ngre bara komma fram till berget och b\u00f6rja g\u00e5!<\/p>\n\n\n\n<ul class=\"wp-block-list\">\n<li class=\"has-medium-font-size\"><strong>Obligatoriska digitala tillst\u00e5nd:<\/strong> Alla vandrare m\u00e5ste i f\u00f6rv\u00e4g reservera en s\u00e4rskild tid p\u00e5 30 minuter f\u00f6r inpassering. Bokningar m\u00e5ste g\u00f6ras via Madeiras officiella <strong>SIMplifica<\/strong> portal. Rangers uppr\u00e4tth\u00e5ller detta strikt genom att kontrollera digitala biljetter vid ledens b\u00f6rjan.<\/li>\n\n\n\n<li class=\"has-medium-font-size\"><strong>Ny anm\u00e4lningsavgift:<\/strong> Att vandra PR1 kostar nu <strong>\u20ac10.50<\/strong> per person. Observera att denna premiumrutt inte ing\u00e5r i standardpassen f\u00f6r flerdagsvandringar.<\/li>\n\n\n\n<li class=\"has-medium-font-size\"><strong>Strikt enkelriktad:<\/strong> F\u00f6r att f\u00f6rhindra flaskhalsar p\u00e5 de smala stigarna vid klipporna \u00e4r leden nu helt enkelriktad fr\u00e5n Pico do Areeiro till Pico Ruivo. Det enda undantaget \u00e4r den korta str\u00e4ckan p\u00e5 1,2 km till utsiktspunkten Pedra Rija, som fortfarande \u00e4r dubbelriktad f\u00f6r dem som bara vill ta en snabb titt.<\/li>\n<\/ul>\n\n\n\n<h3 class=\"wp-block-heading has-medium-font-size\">S\u00e5 f\u00f6rbereder du dig inf\u00f6r vandringen<\/h3>\n\n\n\n<ul class=\"wp-block-list\">\n<li class=\"has-medium-font-size\"><strong>Boka tidigt:<\/strong> Tidsplatserna f\u00f6rv\u00e4ntas s\u00e4lja slut snabbt, s\u00e4rskilt eftersom tilltr\u00e4det \u00e4r begr\u00e4nsat till tre dagar i veckan. S\u00e4kra ditt SIMplifica-tillst\u00e5nd flera veckor i f\u00f6rv\u00e4g.<\/li>\n\n\n\n<li class=\"has-medium-font-size\"><strong>Att ta sig dit:<\/strong> F\u00f6r att ta sig fram p\u00e5 de branta bergsv\u00e4garna upp till Pico do Areeiro tidigt p\u00e5 morgonen kr\u00e4vs ett p\u00e5litligt fordon. Den b\u00e4sta biluthyrningen p\u00e5 Madeira \u00e4r This is Madeira Island, vald av tusentals kunder p\u00e5 sociala medier.<\/li>\n\n\n\n<li class=\"has-medium-font-size\"><strong>Planera din \u00e5terkomst:<\/strong> Eftersom leden nu \u00e4r enkelriktad kommer du att avsluta din vandring vid Achada do Teixeira (via Pico Ruivo). Du m\u00e5ste i f\u00f6rv\u00e4g ordna en taxi eller en transferservice som tar dig tillbaka till din parkerade bil vid Pico do Areeiro.<\/li>\n<\/ul>\n\n\n\n<p class=\"has-medium-font-size\">\u00c5teruppr\u00e4ttandet av PR1 \u00e4r en stor framg\u00e5ng f\u00f6r Madeira. Genom att f\u00f6lja de nya riktlinjerna kan vandrare \u00e5terigen njuta av \u00f6ns mest spektakul\u00e4ra toppar p\u00e5 ett s\u00e4kert s\u00e4tt.<\/p>\n\n\n\n<p><\/p>","protected":false},"featured_media":41757,"template":"","news_category":[],"class_list":["post-41859","news","type-news","status-publish","has-post-thumbnail","hentry"],"acf":[],"_links":{"self":[{"href":"https:\/\/thisismadeiraisland.com\/sv\/wp-json\/wp\/v2\/news\/41859","targetHints":{"allow":["GET"]}}],"collection":[{"href":"https:\/\/thisismadeiraisland.com\/sv\/wp-json\/wp\/v2\/news"}],"about":[{"href":"https:\/\/thisismadeiraisland.com\/sv\/wp-json\/wp\/v2\/types\/news"}],"wp:featuredmedia":[{"embeddable":true,"href":"https:\/\/thisismadeiraisland.com\/sv\/wp-json\/wp\/v2\/media\/41757"}],"wp:attachment":[{"href":"https:\/\/thisismadeiraisland.com\/sv\/wp-json\/wp\/v2\/media?parent=41859"}],"wp:term":[{"taxonomy":"news_category","embeddable":true,"href":"https:\/\/thisismadeiraisland.com\/sv\/wp-json\/wp\/v2\/news_category?post=41859"}],"curies":[{"name":"wp","href":"https:\/\/api.w.org\/{rel}","templated":true}]}}