{"id":41870,"date":"2026-04-28T15:41:30","date_gmt":"2026-04-28T15:41:30","guid":{"rendered":"https:\/\/thisismadeiraisland.com\/?post_type=news&#038;p=41870"},"modified":"2026-04-28T15:41:30","modified_gmt":"2026-04-28T15:41:30","slug":"ticket-sales-for-madeiras-most-famous-trail-open-soon-dont-miss-out","status":"publish","type":"news","link":"https:\/\/thisismadeiraisland.com\/sv\/news\/ticket-sales-for-madeiras-most-famous-trail-open-soon-dont-miss-out\/","title":{"rendered":"Biljettf\u00f6rs\u00e4ljningen till Madeiras mest ber\u00f6mda vandringsled \u00f6ppnar snart (missa inte!)"},"content":{"rendered":"<p class=\"has-medium-font-size\">Madeiras legendariska led fr\u00e5n Pico do Areeiro till Pico Ruivo (PR1 - Vereda do Areeiro) g\u00f6r nu officiellt sin efterl\u00e4ngtade \u00e5terkomst efter att ha varit st\u00e4ngd i ett och ett halvt \u00e5r. Efter de f\u00f6r\u00f6dande skogsbr\u00e4nderna i augusti 2024 har vandrare ivrigt v\u00e4ntat p\u00e5 att f\u00e5 veta exakt n\u00e4r de kan s\u00e4kra sin plats.<\/p>\n\n\n\n<p class=\"has-medium-font-size\">V\u00e4ntan \u00e4r \u00f6ver: bokningar f\u00f6r att k\u00f6pa biljetter till den officiella \u00e5ter\u00f6ppningen den 1 maj b\u00f6rjar <strong>i morgon<\/strong> p\u00e5 <em>Simplifica<\/em> Portal!<\/p>\n\n\n\n<p class=\"has-medium-font-size\">Innan du skyndar dig att k\u00f6pa dina biljetter, det finns flera stora f\u00f6r\u00e4ndringar i hur sp\u00e5ret fungerar. H\u00e4r \u00e4r exakt vad du beh\u00f6ver veta.<\/p>\n\n\n\n<h3 class=\"wp-block-heading has-medium-font-size\">\ud83d\udea8 De nya reglerna f\u00f6r vandringsleden<\/h3>\n\n\n\n<ul class=\"wp-block-list\">\n<li class=\"has-medium-font-size\"><strong>Obligatoriska reservationer och avgifter:<\/strong> Tilltr\u00e4de \u00e4r inte l\u00e4ngre gratis eller spontant. Du m\u00e5ste k\u00f6pa din biljett i f\u00f6rv\u00e4g p\u00e5 n\u00e4tet och betala en avgift p\u00e5 <strong>\u20ac10.50<\/strong>.<\/li>\n\n\n\n<li class=\"has-medium-font-size\"><strong>Endast enkelriktad trafik:<\/strong> Du kan inte l\u00e4ngre vandra den h\u00e4r rutten som en rundtur. Hela leden \u00e4r nu strikt enkelriktad och g\u00e5r fr\u00e5n Areeiro till Ruivo.<\/li>\n\n\n\n<li class=\"has-medium-font-size\"><strong>Endast tillg\u00e5ng under helgen (f\u00f6r tillf\u00e4llet):<\/strong> Eftersom ett omfattande f\u00f6rb\u00e4ttringsprojekt p\u00e5 \u20ac602.000 fortfarande p\u00e5g\u00e5r aktivt under maj m\u00e5nad, kommer hela sp\u00e5ret endast att vara \u00f6ppet f\u00f6r biljettinnehavare p\u00e5 <strong>Fredagar, l\u00f6rdagar och s\u00f6ndagar<\/strong>.<\/li>\n<\/ul>\n\n\n\n<h3 class=\"wp-block-heading has-medium-font-size\">\ud83d\udccd Ruttlogistik och transportdilemmat<\/h3>\n\n\n\n<ul class=\"wp-block-list has-medium-font-size\">\n<li><strong>Kontrollpunkten:<\/strong> Myndigheterna kommer att strikt till\u00e4mpa de nya reglerna med en kontrollpunkt bel\u00e4gen vid <strong>Pedra Rija<\/strong>. Om du \u00e4r ute efter en kortare vandring \u00e4r leden dubbelriktad fram till denna specifika kontrollpunkt.<\/li>\n\n\n\n<li><strong>Att komma tillbaka \u00e4r ditt problem:<\/strong> Eftersom du bara kan vandra \u00e5t ett h\u00e5ll \u00e4r det f\u00f6r n\u00e4rvarande ett stort logistiskt hinder att \u00e5terv\u00e4nda till din startpunkt vid Pico do Areeiro. V\u00e4gf\u00f6rbindelserna \u00e4r begr\u00e4nsade, och den regionala turistministern uppmanar privata tour-operat\u00f6rer och lokala f\u00f6retag att st\u00e4lla upp och erbjuda returbussar. Om du planerar att ta dig an leden p\u00e5 egen hand m\u00e5ste du planera din returtransport i god tid!<\/li>\n<\/ul>\n\n\n\n<p><\/p>","protected":false},"featured_media":41757,"template":"","news_category":[],"class_list":["post-41870","news","type-news","status-publish","has-post-thumbnail","hentry"],"acf":[],"_links":{"self":[{"href":"https:\/\/thisismadeiraisland.com\/sv\/wp-json\/wp\/v2\/news\/41870","targetHints":{"allow":["GET"]}}],"collection":[{"href":"https:\/\/thisismadeiraisland.com\/sv\/wp-json\/wp\/v2\/news"}],"about":[{"href":"https:\/\/thisismadeiraisland.com\/sv\/wp-json\/wp\/v2\/types\/news"}],"wp:featuredmedia":[{"embeddable":true,"href":"https:\/\/thisismadeiraisland.com\/sv\/wp-json\/wp\/v2\/media\/41757"}],"wp:attachment":[{"href":"https:\/\/thisismadeiraisland.com\/sv\/wp-json\/wp\/v2\/media?parent=41870"}],"wp:term":[{"taxonomy":"news_category","embeddable":true,"href":"https:\/\/thisismadeiraisland.com\/sv\/wp-json\/wp\/v2\/news_category?post=41870"}],"curies":[{"name":"wp","href":"https:\/\/api.w.org\/{rel}","templated":true}]}}